{"id":18057,"date":"2024-03-13T10:10:43","date_gmt":"2024-03-13T10:10:43","guid":{"rendered":"https:\/\/zeromski.czest.pl\/?p=18057"},"modified":"2024-03-13T10:13:48","modified_gmt":"2024-03-13T10:13:48","slug":"obchody-25-rocznicy-przystapienia-polski-do-nato","status":"publish","type":"post","link":"https:\/\/zeromski.czest.pl\/?p=18057","title":{"rendered":"Obchody 25 rocznicy przyst\u0105pienia Polski do NATO"},"content":{"rendered":"<p><a href=\"https:\/\/zeromski.czest.pl\/wp-content\/uploads\/2024\/03\/NATO2024-12-Copy.png\" rel=\"lightbox[18057]\"><img loading=\"lazy\" decoding=\"async\" class=\"size-medium wp-image-18069 aligncenter\" src=\"https:\/\/zeromski.czest.pl\/wp-content\/uploads\/2024\/03\/NATO2024-12-Copy-300x169.png\" alt=\"Obchody 25 rocznicy przyst\u0105pienia Polski do NATO-zdj\u0119cie nr 12\" width=\"300\" height=\"169\" srcset=\"https:\/\/zeromski.czest.pl\/wp-content\/uploads\/2024\/03\/NATO2024-12-Copy-300x169.png 300w, https:\/\/zeromski.czest.pl\/wp-content\/uploads\/2024\/03\/NATO2024-12-Copy-768x433.png 768w, https:\/\/zeromski.czest.pl\/wp-content\/uploads\/2024\/03\/NATO2024-12-Copy.png 1200w\" sizes=\"auto, (max-width: 300px) 100vw, 300px\" \/><\/a><\/p>\n<p>12 marca 1999 r. w niewielkiej miejscowo\u015bci Independence w stanie Missouri w USA \u00f3wczesny Minister Spraw Zagranicznych Bronis\u0142aw Geremek w rz\u0105dzie Jerzego Buzka przekaza\u0142 Sekretarz Stanu USA Madeleine Albright akt przyst\u0105pienia Polski do Traktatu P\u00f3\u0142nocnoatlantyckiego.<\/p>\n<p>12 marca 2024r. roku w Zespole Szk\u00f3\u0142 Technicznych i Og\u00f3lnokszta\u0142c\u0105cych im. Stefana \u017beromskiego w Cz\u0119stochowie, \u015bwi\u0119towali\u015bmy 25 rocznic\u0119 tego niezwykle wa\u017cnego dla bezpiecze\u0144stwa naszej Ojczyzny wydarzenia.<!--more--><\/p>\n<p>W uroczysto\u015bci uczestniczyli znamienici Go\u015bcie:<\/p>\n<ul>\n<li>Prezydent Miasta Cz\u0119stochowy \u2013 Pan Krzysztof Matyjaszczyk,<\/li>\n<li>Przewodnicz\u0105cy Rady Miasta Cz\u0119stochowy &#8211; Pan Zbigniew Niesmaczny,<\/li>\n<li>Naczelnik Wydzia\u0142u Edukacji UM Cz\u0119stochowy \u2013 Pan Rafa\u0142 Piotrowski,<\/li>\n<li>Dyrektorzy szk\u00f3\u0142 z Oddzia\u0142ami Przygotowania Wojskowego:<\/li>\n<li>Zespo\u0142u Szk\u00f3\u0142 Technicznych im. Jana Paw\u0142a II w Cz\u0119stochowie &#8211; Pani Patrycja Rospondek,<\/li>\n<li>Zespo\u0142u Szk\u00f3\u0142 im. Jana Kochanowskiego w Cz\u0119stochowie &#8211; Pan Mariusz Zawada oraz dyrektorzy zaprzyja\u017anionych szk\u00f3\u0142 i instytucji z naszego miasta.<\/li>\n<\/ul>\n<p>Wojskowy charakter uroczysto\u015bci podkre\u015bla\u0142 udzia\u0142 kadet\u00f3w Oddzia\u0142\u00f3w Przygotowania Wojskowego oraz klas mundurowych kszta\u0142c\u0105cych si\u0119 w cz\u0119stochowskich szko\u0142ach ponadpodstawowych.<\/p>\n<p>W swoim przem\u00f3wieniu\u00a0 Prezydent Miasta Pan Krzysztof Matyjaszczyk podkre\u015bli\u0142 ogromne znaczenie udzia\u0142u Polski w strukturach Paktu P\u00f3\u0142nocnoatlantyckiego, r\u00f3wnie\u017c w \u015bwietle wojny w Ukrainie. Prezydent podzi\u0119kowa\u0142 kadetom za wyb\u00f3r \u015bcie\u017cki kszta\u0142cenia zwi\u0105zanej z obronno\u015bci\u0105 naszego kraju<\/p>\n<p>W trakcie apelu uczniowie klas mundurowych przedstawili kr\u00f3tki rys historyczny dotycz\u0105cy wej\u015bcia Polski do struktur NATO. Uczestnicy apelu mogli podziwia\u0107 musztr\u0119 paradn\u0105 z broni\u0105 w wykonaniu kadet\u00f3w Zespo\u0142u Szk\u00f3\u0142 Technicznych i Og\u00f3lnokszta\u0142c\u0105cych im. Stefana \u017beromskiego. Uroczysto\u015b\u0107 zako\u0144czy\u0142 pokaz defilady w wykonaniu oddzia\u0142\u00f3w Zespo\u0142u Szk\u00f3\u0142 Technicznych im. Jana Paw\u0142a II w Cz\u0119stochowie oraz Zespo\u0142u Szk\u00f3\u0142 im. Jana Kochanowskiego w Cz\u0119stochowie.<\/p>\n\n\t\t<style type=\"text\/css\">\n\t\t\t#gallery-1 {\n\t\t\t\tmargin: auto;\n\t\t\t}\n\t\t\t#gallery-1 .gallery-item {\n\t\t\t\tfloat: left;\n\t\t\t\tmargin-top: 10px;\n\t\t\t\ttext-align: center;\n\t\t\t\twidth: 33%;\n\t\t\t}\n\t\t\t#gallery-1 img {\n\t\t\t\tborder: 2px solid #cfcfcf;\n\t\t\t}\n\t\t\t#gallery-1 .gallery-caption {\n\t\t\t\tmargin-left: 0;\n\t\t\t}\n\t\t\t\/* see gallery_shortcode() in wp-includes\/media.php *\/\n\t\t<\/style>\n\t\t<div id='gallery-1' class='gallery galleryid-18057 gallery-columns-3 gallery-size-thumbnail'><dl class='gallery-item'>\n\t\t\t<dt class='gallery-icon landscape'>\n\t\t\t\t<a href='https:\/\/zeromski.czest.pl\/wp-content\/uploads\/2024\/03\/NATO2024-1-Copy.png' rel=\"lightbox[18057]\"><img loading=\"lazy\" decoding=\"async\" width=\"150\" height=\"150\" src=\"https:\/\/zeromski.czest.pl\/wp-content\/uploads\/2024\/03\/NATO2024-1-Copy-150x150.png\" class=\"attachment-thumbnail size-thumbnail\" alt=\"Obchody 25 rocznicy przyst\u0105pienia Polski do NATO-zdj\u0119cie nr 1\" \/><\/a>\n\t\t\t<\/dt><\/dl><dl class='gallery-item'>\n\t\t\t<dt class='gallery-icon landscape'>\n\t\t\t\t<a href='https:\/\/zeromski.czest.pl\/wp-content\/uploads\/2024\/03\/NATO2024-2-Copy.png' rel=\"lightbox[18057]\"><img loading=\"lazy\" decoding=\"async\" width=\"150\" height=\"150\" src=\"https:\/\/zeromski.czest.pl\/wp-content\/uploads\/2024\/03\/NATO2024-2-Copy-150x150.png\" class=\"attachment-thumbnail size-thumbnail\" alt=\"Obchody 25 rocznicy przyst\u0105pienia Polski do NATO-zdj\u0119cie nr 2\" \/><\/a>\n\t\t\t<\/dt><\/dl><dl class='gallery-item'>\n\t\t\t<dt class='gallery-icon portrait'>\n\t\t\t\t<a href='https:\/\/zeromski.czest.pl\/wp-content\/uploads\/2024\/03\/NATO2024-3-Copy.png' rel=\"lightbox[18057]\"><img loading=\"lazy\" decoding=\"async\" width=\"150\" height=\"150\" src=\"https:\/\/zeromski.czest.pl\/wp-content\/uploads\/2024\/03\/NATO2024-3-Copy-150x150.png\" class=\"attachment-thumbnail size-thumbnail\" alt=\"Obchody 25 rocznicy przyst\u0105pienia Polski do NATO-zdj\u0119cie nr 3\" \/><\/a>\n\t\t\t<\/dt><\/dl><br style=\"clear: both\" \/><dl class='gallery-item'>\n\t\t\t<dt class='gallery-icon portrait'>\n\t\t\t\t<a href='https:\/\/zeromski.czest.pl\/wp-content\/uploads\/2024\/03\/NATO2024-4-Copy.png' rel=\"lightbox[18057]\"><img loading=\"lazy\" decoding=\"async\" width=\"150\" height=\"150\" src=\"https:\/\/zeromski.czest.pl\/wp-content\/uploads\/2024\/03\/NATO2024-4-Copy-150x150.png\" class=\"attachment-thumbnail size-thumbnail\" alt=\"Obchody 25 rocznicy przyst\u0105pienia Polski do NATO-zdj\u0119cie nr 4\" \/><\/a>\n\t\t\t<\/dt><\/dl><dl class='gallery-item'>\n\t\t\t<dt class='gallery-icon landscape'>\n\t\t\t\t<a href='https:\/\/zeromski.czest.pl\/wp-content\/uploads\/2024\/03\/NATO2024-5-Copy.png' rel=\"lightbox[18057]\"><img loading=\"lazy\" decoding=\"async\" width=\"150\" height=\"150\" src=\"https:\/\/zeromski.czest.pl\/wp-content\/uploads\/2024\/03\/NATO2024-5-Copy-150x150.png\" class=\"attachment-thumbnail size-thumbnail\" alt=\"Obchody 25 rocznicy przyst\u0105pienia Polski do NATO-zdj\u0119cie nr 5\" \/><\/a>\n\t\t\t<\/dt><\/dl><dl class='gallery-item'>\n\t\t\t<dt class='gallery-icon portrait'>\n\t\t\t\t<a href='https:\/\/zeromski.czest.pl\/wp-content\/uploads\/2024\/03\/NATO2024-6-Copy.png' rel=\"lightbox[18057]\"><img loading=\"lazy\" decoding=\"async\" width=\"150\" height=\"150\" src=\"https:\/\/zeromski.czest.pl\/wp-content\/uploads\/2024\/03\/NATO2024-6-Copy-150x150.png\" class=\"attachment-thumbnail size-thumbnail\" alt=\"Obchody 25 rocznicy przyst\u0105pienia Polski do NATO-zdj\u0119cie nr 6\" \/><\/a>\n\t\t\t<\/dt><\/dl><br style=\"clear: both\" \/><dl class='gallery-item'>\n\t\t\t<dt class='gallery-icon landscape'>\n\t\t\t\t<a href='https:\/\/zeromski.czest.pl\/wp-content\/uploads\/2024\/03\/NATO2024-7-Copy.png' rel=\"lightbox[18057]\"><img loading=\"lazy\" decoding=\"async\" width=\"150\" height=\"150\" src=\"https:\/\/zeromski.czest.pl\/wp-content\/uploads\/2024\/03\/NATO2024-7-Copy-150x150.png\" class=\"attachment-thumbnail size-thumbnail\" alt=\"Obchody 25 rocznicy przyst\u0105pienia Polski do NATO-zdj\u0119cie nr 7\" \/><\/a>\n\t\t\t<\/dt><\/dl><dl class='gallery-item'>\n\t\t\t<dt class='gallery-icon landscape'>\n\t\t\t\t<a href='https:\/\/zeromski.czest.pl\/wp-content\/uploads\/2024\/03\/NATO2024-8-Copy.png' rel=\"lightbox[18057]\"><img loading=\"lazy\" decoding=\"async\" width=\"150\" height=\"150\" src=\"https:\/\/zeromski.czest.pl\/wp-content\/uploads\/2024\/03\/NATO2024-8-Copy-150x150.png\" class=\"attachment-thumbnail size-thumbnail\" alt=\"Obchody 25 rocznicy przyst\u0105pienia Polski do NATO-zdj\u0119cie nr 8\" \/><\/a>\n\t\t\t<\/dt><\/dl><dl class='gallery-item'>\n\t\t\t<dt class='gallery-icon landscape'>\n\t\t\t\t<a href='https:\/\/zeromski.czest.pl\/wp-content\/uploads\/2024\/03\/NATO2024-9-Copy.png' rel=\"lightbox[18057]\"><img loading=\"lazy\" decoding=\"async\" width=\"150\" height=\"150\" src=\"https:\/\/zeromski.czest.pl\/wp-content\/uploads\/2024\/03\/NATO2024-9-Copy-150x150.png\" class=\"attachment-thumbnail size-thumbnail\" alt=\"Obchody 25 rocznicy przyst\u0105pienia Polski do NATO-zdj\u0119cie nr 9\" \/><\/a>\n\t\t\t<\/dt><\/dl><br style=\"clear: both\" \/><dl class='gallery-item'>\n\t\t\t<dt class='gallery-icon landscape'>\n\t\t\t\t<a href='https:\/\/zeromski.czest.pl\/wp-content\/uploads\/2024\/03\/NATO2024-10-Copy.png' rel=\"lightbox[18057]\"><img loading=\"lazy\" decoding=\"async\" width=\"150\" height=\"150\" src=\"https:\/\/zeromski.czest.pl\/wp-content\/uploads\/2024\/03\/NATO2024-10-Copy-150x150.png\" class=\"attachment-thumbnail size-thumbnail\" alt=\"Obchody 25 rocznicy przyst\u0105pienia Polski do NATO-zdj\u0119cie nr 10\" \/><\/a>\n\t\t\t<\/dt><\/dl><dl class='gallery-item'>\n\t\t\t<dt class='gallery-icon landscape'>\n\t\t\t\t<a href='https:\/\/zeromski.czest.pl\/wp-content\/uploads\/2024\/03\/NATO2024-11-Copy.png' rel=\"lightbox[18057]\"><img loading=\"lazy\" decoding=\"async\" width=\"150\" height=\"150\" src=\"https:\/\/zeromski.czest.pl\/wp-content\/uploads\/2024\/03\/NATO2024-11-Copy-150x150.png\" class=\"attachment-thumbnail size-thumbnail\" alt=\"Obchody 25 rocznicy przyst\u0105pienia Polski do NATO-zdj\u0119cie nr 11\" \/><\/a>\n\t\t\t<\/dt><\/dl><dl class='gallery-item'>\n\t\t\t<dt class='gallery-icon landscape'>\n\t\t\t\t<a href='https:\/\/zeromski.czest.pl\/wp-content\/uploads\/2024\/03\/NATO2024-13-Copy.png' rel=\"lightbox[18057]\"><img loading=\"lazy\" decoding=\"async\" width=\"150\" height=\"150\" src=\"https:\/\/zeromski.czest.pl\/wp-content\/uploads\/2024\/03\/NATO2024-13-Copy-150x150.png\" class=\"attachment-thumbnail size-thumbnail\" alt=\"Obchody 25 rocznicy przyst\u0105pienia Polski do NATO-zdj\u0119cie nr 13\" \/><\/a>\n\t\t\t<\/dt><\/dl><br style=\"clear: both\" \/><dl class='gallery-item'>\n\t\t\t<dt class='gallery-icon landscape'>\n\t\t\t\t<a href='https:\/\/zeromski.czest.pl\/wp-content\/uploads\/2024\/03\/NATO2024-14-Copy.png' rel=\"lightbox[18057]\"><img loading=\"lazy\" decoding=\"async\" width=\"150\" height=\"150\" src=\"https:\/\/zeromski.czest.pl\/wp-content\/uploads\/2024\/03\/NATO2024-14-Copy-150x150.png\" class=\"attachment-thumbnail size-thumbnail\" alt=\"Obchody 25 rocznicy przyst\u0105pienia Polski do NATO-zdj\u0119cie nr 14\" \/><\/a>\n\t\t\t<\/dt><\/dl><dl class='gallery-item'>\n\t\t\t<dt class='gallery-icon portrait'>\n\t\t\t\t<a href='https:\/\/zeromski.czest.pl\/wp-content\/uploads\/2024\/03\/NATO2024-15-Copy.png' rel=\"lightbox[18057]\"><img loading=\"lazy\" decoding=\"async\" width=\"150\" height=\"150\" src=\"https:\/\/zeromski.czest.pl\/wp-content\/uploads\/2024\/03\/NATO2024-15-Copy-150x150.png\" class=\"attachment-thumbnail size-thumbnail\" alt=\"Obchody 25 rocznicy przyst\u0105pienia Polski do NATO-zdj\u0119cie nr 15\" \/><\/a>\n\t\t\t<\/dt><\/dl>\n\t\t\t<br style='clear: both' \/>\n\t\t<\/div>\n\n","protected":false},"excerpt":{"rendered":"<p>12 marca 1999 r. w niewielkiej miejscowo\u015bci Independence w stanie Missouri w USA \u00f3wczesny Minister Spraw Zagranicznych Bronis\u0142aw Geremek w rz\u0105dzie Jerzego Buzka przekaza\u0142 Sekretarz Stanu USA Madeleine Albright akt przyst\u0105pienia Polski do Traktatu P\u00f3\u0142nocnoatlantyckiego. 12 marca 2024r. roku w &hellip; <a href=\"https:\/\/zeromski.czest.pl\/?p=18057\">Czytaj dalej <span class=\"meta-nav\">&rarr;<\/span><\/a><\/p>\n","protected":false},"author":1,"featured_media":0,"comment_status":"closed","ping_status":"closed","sticky":false,"template":"","format":"standard","meta":{"footnotes":"","_links_to":"","_links_to_target":""},"categories":[14],"tags":[],"class_list":["post-18057","post","type-post","status-publish","format-standard","hentry","category-aktualnosci"],"_links":{"self":[{"href":"https:\/\/zeromski.czest.pl\/index.php?rest_route=\/wp\/v2\/posts\/18057","targetHints":{"allow":["GET"]}}],"collection":[{"href":"https:\/\/zeromski.czest.pl\/index.php?rest_route=\/wp\/v2\/posts"}],"about":[{"href":"https:\/\/zeromski.czest.pl\/index.php?rest_route=\/wp\/v2\/types\/post"}],"author":[{"embeddable":true,"href":"https:\/\/zeromski.czest.pl\/index.php?rest_route=\/wp\/v2\/users\/1"}],"replies":[{"embeddable":true,"href":"https:\/\/zeromski.czest.pl\/index.php?rest_route=%2Fwp%2Fv2%2Fcomments&post=18057"}],"version-history":[{"count":2,"href":"https:\/\/zeromski.czest.pl\/index.php?rest_route=\/wp\/v2\/posts\/18057\/revisions"}],"predecessor-version":[{"id":18074,"href":"https:\/\/zeromski.czest.pl\/index.php?rest_route=\/wp\/v2\/posts\/18057\/revisions\/18074"}],"wp:attachment":[{"href":"https:\/\/zeromski.czest.pl\/index.php?rest_route=%2Fwp%2Fv2%2Fmedia&parent=18057"}],"wp:term":[{"taxonomy":"category","embeddable":true,"href":"https:\/\/zeromski.czest.pl\/index.php?rest_route=%2Fwp%2Fv2%2Fcategories&post=18057"},{"taxonomy":"post_tag","embeddable":true,"href":"https:\/\/zeromski.czest.pl\/index.php?rest_route=%2Fwp%2Fv2%2Ftags&post=18057"}],"curies":[{"name":"wp","href":"https:\/\/api.w.org\/{rel}","templated":true}]}}