{"id":18075,"date":"2024-03-15T07:57:56","date_gmt":"2024-03-15T07:57:56","guid":{"rendered":"https:\/\/zeromski.czest.pl\/?p=18075"},"modified":"2024-03-15T16:51:29","modified_gmt":"2024-03-15T16:51:29","slug":"dzien-otwarty-w-zeromskim-2","status":"publish","type":"post","link":"https:\/\/zeromski.czest.pl\/?p=18075","title":{"rendered":"DZIE\u0143 OTWARTY w \u017bEROMSKIM"},"content":{"rendered":"<p><iframe loading=\"lazy\" title=\"\u201e\u017beromski\u201d fajny jest\" src=\"https:\/\/www.youtube.com\/embed\/hKtD7la2P9c\" width=\"500\" height=\"450\" frameborder=\"0\" allowfullscreen=\"allowfullscreen\"><span data-mce-type=\"bookmark\" style=\"display: inline-block; width: 0px; overflow: hidden; line-height: 0;\" class=\"mce_SELRES_start\">\ufeff<\/span><span data-mce-type=\"bookmark\" style=\"display: inline-block; width: 0px; overflow: hidden; line-height: 0;\" class=\"mce_SELRES_start\">\ufeff<\/span><\/iframe><\/p>\n<p>Dnia 14 marca 2024 roku zaprosili\u015bmy uczni\u00f3w klas \u00f3smych szk\u00f3\u0142 podstawowych na Dzie\u0144 Otwarty. M\u0142odzie\u017c mia\u0142a mo\u017cliwo\u015b\u0107 zapozna\u0107 si\u0119 z ofert\u0105 edukacyjn\u0105 naszej szko\u0142y na rok szkolny 2024\/2025, zwiedzi\u0107 pracownie oraz porozmawia\u0107 z nauczycielami i uczniami naszej plac\u00f3wki.<\/p>\n<p><!--more--><\/p>\n\n\t\t<style type=\"text\/css\">\n\t\t\t#gallery-1 {\n\t\t\t\tmargin: auto;\n\t\t\t}\n\t\t\t#gallery-1 .gallery-item {\n\t\t\t\tfloat: left;\n\t\t\t\tmargin-top: 10px;\n\t\t\t\ttext-align: center;\n\t\t\t\twidth: 33%;\n\t\t\t}\n\t\t\t#gallery-1 img {\n\t\t\t\tborder: 2px solid #cfcfcf;\n\t\t\t}\n\t\t\t#gallery-1 .gallery-caption {\n\t\t\t\tmargin-left: 0;\n\t\t\t}\n\t\t\t\/* see gallery_shortcode() in wp-includes\/media.php *\/\n\t\t<\/style>\n\t\t<div id='gallery-1' class='gallery galleryid-18075 gallery-columns-3 gallery-size-thumbnail'><dl class='gallery-item'>\n\t\t\t<dt class='gallery-icon landscape'>\n\t\t\t\t<a href='https:\/\/zeromski.czest.pl\/wp-content\/uploads\/2024\/03\/dzienottwarty2024-1-Copy.png' rel=\"lightbox[18075]\"><img loading=\"lazy\" decoding=\"async\" width=\"150\" height=\"150\" src=\"https:\/\/zeromski.czest.pl\/wp-content\/uploads\/2024\/03\/dzienottwarty2024-1-Copy-150x150.png\" class=\"attachment-thumbnail size-thumbnail\" alt=\"Dzie\u0144 otwarty 2024-zdjcia nr 1\" \/><\/a>\n\t\t\t<\/dt><\/dl><dl class='gallery-item'>\n\t\t\t<dt class='gallery-icon landscape'>\n\t\t\t\t<a href='https:\/\/zeromski.czest.pl\/wp-content\/uploads\/2024\/03\/dzienottwarty2024-2-Copy.png' rel=\"lightbox[18075]\"><img loading=\"lazy\" decoding=\"async\" width=\"150\" height=\"150\" src=\"https:\/\/zeromski.czest.pl\/wp-content\/uploads\/2024\/03\/dzienottwarty2024-2-Copy-150x150.png\" class=\"attachment-thumbnail size-thumbnail\" alt=\"Dzie\u0144 otwarty 2024-zdjcia nr 2\" \/><\/a>\n\t\t\t<\/dt><\/dl><dl class='gallery-item'>\n\t\t\t<dt class='gallery-icon landscape'>\n\t\t\t\t<a href='https:\/\/zeromski.czest.pl\/wp-content\/uploads\/2024\/03\/dzienottwarty2024-3-Copy.png' rel=\"lightbox[18075]\"><img loading=\"lazy\" decoding=\"async\" width=\"150\" height=\"150\" src=\"https:\/\/zeromski.czest.pl\/wp-content\/uploads\/2024\/03\/dzienottwarty2024-3-Copy-150x150.png\" class=\"attachment-thumbnail size-thumbnail\" alt=\"Dzie\u0144 otwarty 2024-zdjcia nr 3\" srcset=\"https:\/\/zeromski.czest.pl\/wp-content\/uploads\/2024\/03\/dzienottwarty2024-3-Copy-150x150.png 150w, https:\/\/zeromski.czest.pl\/wp-content\/uploads\/2024\/03\/dzienottwarty2024-3-Copy-300x300.png 300w, https:\/\/zeromski.czest.pl\/wp-content\/uploads\/2024\/03\/dzienottwarty2024-3-Copy-850x850.png 850w, https:\/\/zeromski.czest.pl\/wp-content\/uploads\/2024\/03\/dzienottwarty2024-3-Copy-768x768.png 768w, https:\/\/zeromski.czest.pl\/wp-content\/uploads\/2024\/03\/dzienottwarty2024-3-Copy.png 900w\" sizes=\"auto, (max-width: 150px) 100vw, 150px\" \/><\/a>\n\t\t\t<\/dt><\/dl><br style=\"clear: both\" \/><dl class='gallery-item'>\n\t\t\t<dt class='gallery-icon portrait'>\n\t\t\t\t<a href='https:\/\/zeromski.czest.pl\/wp-content\/uploads\/2024\/03\/dzienottwarty2024-5-Copy.png' rel=\"lightbox[18075]\"><img loading=\"lazy\" decoding=\"async\" width=\"150\" height=\"150\" src=\"https:\/\/zeromski.czest.pl\/wp-content\/uploads\/2024\/03\/dzienottwarty2024-5-Copy-150x150.png\" class=\"attachment-thumbnail size-thumbnail\" alt=\"Dzie\u0144 otwarty 2024-zdjcia nr 5\" \/><\/a>\n\t\t\t<\/dt><\/dl><dl class='gallery-item'>\n\t\t\t<dt class='gallery-icon portrait'>\n\t\t\t\t<a href='https:\/\/zeromski.czest.pl\/wp-content\/uploads\/2024\/03\/dzienottwarty2024-6-Copy.png' rel=\"lightbox[18075]\"><img loading=\"lazy\" decoding=\"async\" width=\"150\" height=\"150\" src=\"https:\/\/zeromski.czest.pl\/wp-content\/uploads\/2024\/03\/dzienottwarty2024-6-Copy-150x150.png\" class=\"attachment-thumbnail size-thumbnail\" alt=\"Dzie\u0144 otwarty 2024-zdjcia nr 6\" \/><\/a>\n\t\t\t<\/dt><\/dl><dl class='gallery-item'>\n\t\t\t<dt class='gallery-icon landscape'>\n\t\t\t\t<a href='https:\/\/zeromski.czest.pl\/wp-content\/uploads\/2024\/03\/dzienottwarty2024-7-Copy.png' rel=\"lightbox[18075]\"><img loading=\"lazy\" decoding=\"async\" width=\"150\" height=\"150\" src=\"https:\/\/zeromski.czest.pl\/wp-content\/uploads\/2024\/03\/dzienottwarty2024-7-Copy-150x150.png\" class=\"attachment-thumbnail size-thumbnail\" alt=\"Dzie\u0144 otwarty 2024-zdjcia nr 7\" \/><\/a>\n\t\t\t<\/dt><\/dl><br style=\"clear: both\" \/><dl class='gallery-item'>\n\t\t\t<dt class='gallery-icon landscape'>\n\t\t\t\t<a href='https:\/\/zeromski.czest.pl\/wp-content\/uploads\/2024\/03\/dzienottwarty2024-8-Copy.png' rel=\"lightbox[18075]\"><img loading=\"lazy\" decoding=\"async\" width=\"150\" height=\"150\" src=\"https:\/\/zeromski.czest.pl\/wp-content\/uploads\/2024\/03\/dzienottwarty2024-8-Copy-150x150.png\" class=\"attachment-thumbnail size-thumbnail\" alt=\"Dzie\u0144 otwarty 2024-zdjcia nr 8\" \/><\/a>\n\t\t\t<\/dt><\/dl><dl class='gallery-item'>\n\t\t\t<dt class='gallery-icon landscape'>\n\t\t\t\t<a href='https:\/\/zeromski.czest.pl\/wp-content\/uploads\/2024\/03\/dzienottwarty2024-9-Copy.png' rel=\"lightbox[18075]\"><img loading=\"lazy\" decoding=\"async\" width=\"150\" height=\"150\" src=\"https:\/\/zeromski.czest.pl\/wp-content\/uploads\/2024\/03\/dzienottwarty2024-9-Copy-150x150.png\" class=\"attachment-thumbnail size-thumbnail\" alt=\"Dzie\u0144 otwarty 2024-zdjcia nr 9\" \/><\/a>\n\t\t\t<\/dt><\/dl><dl class='gallery-item'>\n\t\t\t<dt class='gallery-icon landscape'>\n\t\t\t\t<a href='https:\/\/zeromski.czest.pl\/wp-content\/uploads\/2024\/03\/dzienottwarty2024-10-Copy.png' rel=\"lightbox[18075]\"><img loading=\"lazy\" decoding=\"async\" width=\"150\" height=\"150\" src=\"https:\/\/zeromski.czest.pl\/wp-content\/uploads\/2024\/03\/dzienottwarty2024-10-Copy-150x150.png\" class=\"attachment-thumbnail size-thumbnail\" alt=\"Dzie\u0144 otwarty 2024-zdjcia nr 10\" \/><\/a>\n\t\t\t<\/dt><\/dl><br style=\"clear: both\" \/><dl class='gallery-item'>\n\t\t\t<dt class='gallery-icon portrait'>\n\t\t\t\t<a href='https:\/\/zeromski.czest.pl\/wp-content\/uploads\/2024\/03\/dzienottwarty2024-11-Copy.png' rel=\"lightbox[18075]\"><img loading=\"lazy\" decoding=\"async\" width=\"150\" height=\"150\" src=\"https:\/\/zeromski.czest.pl\/wp-content\/uploads\/2024\/03\/dzienottwarty2024-11-Copy-150x150.png\" class=\"attachment-thumbnail size-thumbnail\" alt=\"Dzie\u0144 otwarty 2024-zdjcia nr 11\" \/><\/a>\n\t\t\t<\/dt><\/dl><dl class='gallery-item'>\n\t\t\t<dt class='gallery-icon portrait'>\n\t\t\t\t<a href='https:\/\/zeromski.czest.pl\/wp-content\/uploads\/2024\/03\/dzienottwarty2024-12-Copy.png' rel=\"lightbox[18075]\"><img loading=\"lazy\" decoding=\"async\" width=\"150\" height=\"150\" src=\"https:\/\/zeromski.czest.pl\/wp-content\/uploads\/2024\/03\/dzienottwarty2024-12-Copy-150x150.png\" class=\"attachment-thumbnail size-thumbnail\" alt=\"Dzie\u0144 otwarty 2024-zdjcia nr 12\" \/><\/a>\n\t\t\t<\/dt><\/dl><dl class='gallery-item'>\n\t\t\t<dt class='gallery-icon landscape'>\n\t\t\t\t<a href='https:\/\/zeromski.czest.pl\/wp-content\/uploads\/2024\/03\/dzienottwarty2024-13-Copy.png' rel=\"lightbox[18075]\"><img loading=\"lazy\" decoding=\"async\" width=\"150\" height=\"150\" src=\"https:\/\/zeromski.czest.pl\/wp-content\/uploads\/2024\/03\/dzienottwarty2024-13-Copy-150x150.png\" class=\"attachment-thumbnail size-thumbnail\" alt=\"Dzie\u0144 otwarty 2024-zdjcia nr 13\" \/><\/a>\n\t\t\t<\/dt><\/dl><br style=\"clear: both\" \/><dl class='gallery-item'>\n\t\t\t<dt class='gallery-icon portrait'>\n\t\t\t\t<a href='https:\/\/zeromski.czest.pl\/wp-content\/uploads\/2024\/03\/dzienottwarty2024-14-Copy.png' rel=\"lightbox[18075]\"><img loading=\"lazy\" decoding=\"async\" width=\"150\" height=\"150\" src=\"https:\/\/zeromski.czest.pl\/wp-content\/uploads\/2024\/03\/dzienottwarty2024-14-Copy-150x150.png\" class=\"attachment-thumbnail size-thumbnail\" alt=\"Dzie\u0144 otwarty 2024-zdjcia nr 14\" \/><\/a>\n\t\t\t<\/dt><\/dl><dl class='gallery-item'>\n\t\t\t<dt class='gallery-icon portrait'>\n\t\t\t\t<a href='https:\/\/zeromski.czest.pl\/wp-content\/uploads\/2024\/03\/dzienottwarty2024-15-Copy.png' rel=\"lightbox[18075]\"><img loading=\"lazy\" decoding=\"async\" width=\"150\" height=\"150\" src=\"https:\/\/zeromski.czest.pl\/wp-content\/uploads\/2024\/03\/dzienottwarty2024-15-Copy-150x150.png\" class=\"attachment-thumbnail size-thumbnail\" alt=\"Dzie\u0144 otwarty 2024-zdjcia nr 15\" \/><\/a>\n\t\t\t<\/dt><\/dl><dl class='gallery-item'>\n\t\t\t<dt class='gallery-icon portrait'>\n\t\t\t\t<a href='https:\/\/zeromski.czest.pl\/wp-content\/uploads\/2024\/03\/dzienottwarty2024-16-Copy.png' rel=\"lightbox[18075]\"><img loading=\"lazy\" decoding=\"async\" width=\"150\" height=\"150\" src=\"https:\/\/zeromski.czest.pl\/wp-content\/uploads\/2024\/03\/dzienottwarty2024-16-Copy-150x150.png\" class=\"attachment-thumbnail size-thumbnail\" alt=\"Dzie\u0144 otwarty 2024-zdjcia nr 16\" \/><\/a>\n\t\t\t<\/dt><\/dl><br style=\"clear: both\" \/><dl class='gallery-item'>\n\t\t\t<dt class='gallery-icon landscape'>\n\t\t\t\t<a href='https:\/\/zeromski.czest.pl\/wp-content\/uploads\/2024\/03\/dzienottwarty2024-17-Copy.png' rel=\"lightbox[18075]\"><img loading=\"lazy\" decoding=\"async\" width=\"150\" height=\"150\" src=\"https:\/\/zeromski.czest.pl\/wp-content\/uploads\/2024\/03\/dzienottwarty2024-17-Copy-150x150.png\" class=\"attachment-thumbnail size-thumbnail\" alt=\"Dzie\u0144 otwarty 2024-zdjcia nr 17\" \/><\/a>\n\t\t\t<\/dt><\/dl><dl class='gallery-item'>\n\t\t\t<dt class='gallery-icon portrait'>\n\t\t\t\t<a href='https:\/\/zeromski.czest.pl\/wp-content\/uploads\/2024\/03\/dzienottwarty2024-18-Copy.png' rel=\"lightbox[18075]\"><img loading=\"lazy\" decoding=\"async\" width=\"150\" height=\"150\" src=\"https:\/\/zeromski.czest.pl\/wp-content\/uploads\/2024\/03\/dzienottwarty2024-18-Copy-150x150.png\" class=\"attachment-thumbnail size-thumbnail\" alt=\"Dzie\u0144 otwarty 2024-zdjcia nr 18\" \/><\/a>\n\t\t\t<\/dt><\/dl><dl class='gallery-item'>\n\t\t\t<dt class='gallery-icon portrait'>\n\t\t\t\t<a href='https:\/\/zeromski.czest.pl\/wp-content\/uploads\/2024\/03\/dzienottwarty2024-19-Copy.png' rel=\"lightbox[18075]\"><img loading=\"lazy\" decoding=\"async\" width=\"150\" height=\"150\" src=\"https:\/\/zeromski.czest.pl\/wp-content\/uploads\/2024\/03\/dzienottwarty2024-19-Copy-150x150.png\" class=\"attachment-thumbnail size-thumbnail\" alt=\"Dzie\u0144 otwarty 2024-zdjcia nr 19\" \/><\/a>\n\t\t\t<\/dt><\/dl><br style=\"clear: both\" \/><dl class='gallery-item'>\n\t\t\t<dt class='gallery-icon landscape'>\n\t\t\t\t<a href='https:\/\/zeromski.czest.pl\/wp-content\/uploads\/2024\/03\/dzienottwarty2024-20-Copy.png' rel=\"lightbox[18075]\"><img loading=\"lazy\" decoding=\"async\" width=\"150\" height=\"150\" src=\"https:\/\/zeromski.czest.pl\/wp-content\/uploads\/2024\/03\/dzienottwarty2024-20-Copy-150x150.png\" class=\"attachment-thumbnail size-thumbnail\" alt=\"Dzie\u0144 otwarty 2024-zdjcia nr 20\" srcset=\"https:\/\/zeromski.czest.pl\/wp-content\/uploads\/2024\/03\/dzienottwarty2024-20-Copy-150x150.png 150w, https:\/\/zeromski.czest.pl\/wp-content\/uploads\/2024\/03\/dzienottwarty2024-20-Copy-300x300.png 300w, https:\/\/zeromski.czest.pl\/wp-content\/uploads\/2024\/03\/dzienottwarty2024-20-Copy-850x850.png 850w, https:\/\/zeromski.czest.pl\/wp-content\/uploads\/2024\/03\/dzienottwarty2024-20-Copy-768x768.png 768w, https:\/\/zeromski.czest.pl\/wp-content\/uploads\/2024\/03\/dzienottwarty2024-20-Copy.png 900w\" sizes=\"auto, (max-width: 150px) 100vw, 150px\" \/><\/a>\n\t\t\t<\/dt><\/dl><dl class='gallery-item'>\n\t\t\t<dt class='gallery-icon landscape'>\n\t\t\t\t<a href='https:\/\/zeromski.czest.pl\/wp-content\/uploads\/2024\/03\/dzienottwarty2024-21-Copy.png' rel=\"lightbox[18075]\"><img loading=\"lazy\" decoding=\"async\" width=\"150\" height=\"150\" src=\"https:\/\/zeromski.czest.pl\/wp-content\/uploads\/2024\/03\/dzienottwarty2024-21-Copy-150x150.png\" class=\"attachment-thumbnail size-thumbnail\" alt=\"Dzie\u0144 otwarty 2024-zdjcia nr 21\" srcset=\"https:\/\/zeromski.czest.pl\/wp-content\/uploads\/2024\/03\/dzienottwarty2024-21-Copy-150x150.png 150w, https:\/\/zeromski.czest.pl\/wp-content\/uploads\/2024\/03\/dzienottwarty2024-21-Copy-300x300.png 300w, https:\/\/zeromski.czest.pl\/wp-content\/uploads\/2024\/03\/dzienottwarty2024-21-Copy-850x850.png 850w, https:\/\/zeromski.czest.pl\/wp-content\/uploads\/2024\/03\/dzienottwarty2024-21-Copy-768x768.png 768w, https:\/\/zeromski.czest.pl\/wp-content\/uploads\/2024\/03\/dzienottwarty2024-21-Copy.png 900w\" sizes=\"auto, (max-width: 150px) 100vw, 150px\" \/><\/a>\n\t\t\t<\/dt><\/dl><dl class='gallery-item'>\n\t\t\t<dt class='gallery-icon portrait'>\n\t\t\t\t<a href='https:\/\/zeromski.czest.pl\/wp-content\/uploads\/2024\/03\/dzienottwarty2024-22-Copy.png' rel=\"lightbox[18075]\"><img loading=\"lazy\" decoding=\"async\" width=\"150\" height=\"150\" src=\"https:\/\/zeromski.czest.pl\/wp-content\/uploads\/2024\/03\/dzienottwarty2024-22-Copy-150x150.png\" class=\"attachment-thumbnail size-thumbnail\" alt=\"Dzie\u0144 otwarty 2024-zdjcia nr 22\" \/><\/a>\n\t\t\t<\/dt><\/dl><br style=\"clear: both\" \/><dl class='gallery-item'>\n\t\t\t<dt class='gallery-icon portrait'>\n\t\t\t\t<a href='https:\/\/zeromski.czest.pl\/wp-content\/uploads\/2024\/03\/dzienottwarty2024-23-Copy.png' rel=\"lightbox[18075]\"><img loading=\"lazy\" decoding=\"async\" width=\"150\" height=\"150\" src=\"https:\/\/zeromski.czest.pl\/wp-content\/uploads\/2024\/03\/dzienottwarty2024-23-Copy-150x150.png\" class=\"attachment-thumbnail size-thumbnail\" alt=\"Dzie\u0144 otwarty 2024-zdjcia nr 23\" \/><\/a>\n\t\t\t<\/dt><\/dl><dl class='gallery-item'>\n\t\t\t<dt class='gallery-icon landscape'>\n\t\t\t\t<a href='https:\/\/zeromski.czest.pl\/wp-content\/uploads\/2024\/03\/dzienottwarty2024-24-Copy.png' rel=\"lightbox[18075]\"><img loading=\"lazy\" decoding=\"async\" width=\"150\" height=\"150\" src=\"https:\/\/zeromski.czest.pl\/wp-content\/uploads\/2024\/03\/dzienottwarty2024-24-Copy-150x150.png\" class=\"attachment-thumbnail size-thumbnail\" alt=\"Dzie\u0144 otwarty 2024-zdjcia nr 24\" srcset=\"https:\/\/zeromski.czest.pl\/wp-content\/uploads\/2024\/03\/dzienottwarty2024-24-Copy-150x150.png 150w, https:\/\/zeromski.czest.pl\/wp-content\/uploads\/2024\/03\/dzienottwarty2024-24-Copy-300x300.png 300w, https:\/\/zeromski.czest.pl\/wp-content\/uploads\/2024\/03\/dzienottwarty2024-24-Copy-850x850.png 850w, https:\/\/zeromski.czest.pl\/wp-content\/uploads\/2024\/03\/dzienottwarty2024-24-Copy-768x768.png 768w, https:\/\/zeromski.czest.pl\/wp-content\/uploads\/2024\/03\/dzienottwarty2024-24-Copy.png 900w\" sizes=\"auto, (max-width: 150px) 100vw, 150px\" \/><\/a>\n\t\t\t<\/dt><\/dl><dl class='gallery-item'>\n\t\t\t<dt class='gallery-icon portrait'>\n\t\t\t\t<a href='https:\/\/zeromski.czest.pl\/wp-content\/uploads\/2024\/03\/dzienottwarty2024-25-Copy.png' rel=\"lightbox[18075]\"><img loading=\"lazy\" decoding=\"async\" width=\"150\" height=\"150\" src=\"https:\/\/zeromski.czest.pl\/wp-content\/uploads\/2024\/03\/dzienottwarty2024-25-Copy-150x150.png\" class=\"attachment-thumbnail size-thumbnail\" alt=\"Dzie\u0144 otwarty 2024-zdjcia nr 25\" \/><\/a>\n\t\t\t<\/dt><\/dl><br style=\"clear: both\" \/><dl class='gallery-item'>\n\t\t\t<dt class='gallery-icon landscape'>\n\t\t\t\t<a href='https:\/\/zeromski.czest.pl\/wp-content\/uploads\/2024\/03\/dzienottwarty2024-26-Copy.png' rel=\"lightbox[18075]\"><img loading=\"lazy\" decoding=\"async\" width=\"150\" height=\"150\" src=\"https:\/\/zeromski.czest.pl\/wp-content\/uploads\/2024\/03\/dzienottwarty2024-26-Copy-150x150.png\" class=\"attachment-thumbnail size-thumbnail\" alt=\"Dzie\u0144 otwarty 2024-zdjcia nr 26\" \/><\/a>\n\t\t\t<\/dt><\/dl><dl class='gallery-item'>\n\t\t\t<dt class='gallery-icon landscape'>\n\t\t\t\t<a href='https:\/\/zeromski.czest.pl\/wp-content\/uploads\/2024\/03\/dzienottwarty2024-27-Copy.png' rel=\"lightbox[18075]\"><img loading=\"lazy\" decoding=\"async\" width=\"150\" height=\"150\" src=\"https:\/\/zeromski.czest.pl\/wp-content\/uploads\/2024\/03\/dzienottwarty2024-27-Copy-150x150.png\" class=\"attachment-thumbnail size-thumbnail\" alt=\"Dzie\u0144 otwarty 2024-zdjcia nr 27\" \/><\/a>\n\t\t\t<\/dt><\/dl><dl class='gallery-item'>\n\t\t\t<dt class='gallery-icon landscape'>\n\t\t\t\t<a href='https:\/\/zeromski.czest.pl\/wp-content\/uploads\/2024\/03\/dzienottwarty2024-28-Copy.png' rel=\"lightbox[18075]\"><img loading=\"lazy\" decoding=\"async\" width=\"150\" height=\"150\" src=\"https:\/\/zeromski.czest.pl\/wp-content\/uploads\/2024\/03\/dzienottwarty2024-28-Copy-150x150.png\" class=\"attachment-thumbnail size-thumbnail\" alt=\"Dzie\u0144 otwarty 2024-zdjcia nr 28\" srcset=\"https:\/\/zeromski.czest.pl\/wp-content\/uploads\/2024\/03\/dzienottwarty2024-28-Copy-150x150.png 150w, https:\/\/zeromski.czest.pl\/wp-content\/uploads\/2024\/03\/dzienottwarty2024-28-Copy-300x300.png 300w, https:\/\/zeromski.czest.pl\/wp-content\/uploads\/2024\/03\/dzienottwarty2024-28-Copy-850x850.png 850w, https:\/\/zeromski.czest.pl\/wp-content\/uploads\/2024\/03\/dzienottwarty2024-28-Copy-768x768.png 768w, https:\/\/zeromski.czest.pl\/wp-content\/uploads\/2024\/03\/dzienottwarty2024-28-Copy.png 900w\" sizes=\"auto, (max-width: 150px) 100vw, 150px\" \/><\/a>\n\t\t\t<\/dt><\/dl><br style=\"clear: both\" \/><dl class='gallery-item'>\n\t\t\t<dt class='gallery-icon portrait'>\n\t\t\t\t<a href='https:\/\/zeromski.czest.pl\/wp-content\/uploads\/2024\/03\/dzienottwarty2024-29-Copy.png' rel=\"lightbox[18075]\"><img loading=\"lazy\" decoding=\"async\" width=\"150\" height=\"150\" src=\"https:\/\/zeromski.czest.pl\/wp-content\/uploads\/2024\/03\/dzienottwarty2024-29-Copy-150x150.png\" class=\"attachment-thumbnail size-thumbnail\" alt=\"Dzie\u0144 otwarty 2024-zdjcia nr 29\" \/><\/a>\n\t\t\t<\/dt><\/dl><dl class='gallery-item'>\n\t\t\t<dt class='gallery-icon landscape'>\n\t\t\t\t<a href='https:\/\/zeromski.czest.pl\/wp-content\/uploads\/2024\/03\/dzienottwarty2024-30-Copy.png' rel=\"lightbox[18075]\"><img loading=\"lazy\" decoding=\"async\" width=\"150\" height=\"150\" src=\"https:\/\/zeromski.czest.pl\/wp-content\/uploads\/2024\/03\/dzienottwarty2024-30-Copy-150x150.png\" class=\"attachment-thumbnail size-thumbnail\" alt=\"Dzie\u0144 otwarty 2024-zdjcia nr 30\" \/><\/a>\n\t\t\t<\/dt><\/dl><dl class='gallery-item'>\n\t\t\t<dt class='gallery-icon landscape'>\n\t\t\t\t<a href='https:\/\/zeromski.czest.pl\/wp-content\/uploads\/2024\/03\/dzienottwarty2024-31-Copy.png' rel=\"lightbox[18075]\"><img loading=\"lazy\" decoding=\"async\" width=\"150\" height=\"150\" src=\"https:\/\/zeromski.czest.pl\/wp-content\/uploads\/2024\/03\/dzienottwarty2024-31-Copy-150x150.png\" class=\"attachment-thumbnail size-thumbnail\" alt=\"Dzie\u0144 otwarty 2024-zdjcia nr 31\" \/><\/a>\n\t\t\t<\/dt><\/dl><br style=\"clear: both\" \/><dl class='gallery-item'>\n\t\t\t<dt class='gallery-icon landscape'>\n\t\t\t\t<a href='https:\/\/zeromski.czest.pl\/wp-content\/uploads\/2024\/03\/dzienottwarty2024-32-Copy.png' rel=\"lightbox[18075]\"><img loading=\"lazy\" decoding=\"async\" width=\"150\" height=\"150\" src=\"https:\/\/zeromski.czest.pl\/wp-content\/uploads\/2024\/03\/dzienottwarty2024-32-Copy-150x150.png\" class=\"attachment-thumbnail size-thumbnail\" alt=\"Dzie\u0144 otwarty 2024-zdjcia nr 32\" \/><\/a>\n\t\t\t<\/dt><\/dl><dl class='gallery-item'>\n\t\t\t<dt class='gallery-icon landscape'>\n\t\t\t\t<a href='https:\/\/zeromski.czest.pl\/wp-content\/uploads\/2024\/03\/dzienottwarty2024-33-Copy.png' rel=\"lightbox[18075]\"><img loading=\"lazy\" decoding=\"async\" width=\"150\" height=\"150\" src=\"https:\/\/zeromski.czest.pl\/wp-content\/uploads\/2024\/03\/dzienottwarty2024-33-Copy-150x150.png\" class=\"attachment-thumbnail size-thumbnail\" alt=\"Dzie\u0144 otwarty 2024-zdjcia nr 33\" \/><\/a>\n\t\t\t<\/dt><\/dl><dl class='gallery-item'>\n\t\t\t<dt class='gallery-icon landscape'>\n\t\t\t\t<a href='https:\/\/zeromski.czest.pl\/wp-content\/uploads\/2024\/03\/dzienottwarty2024-34-Copy.png' rel=\"lightbox[18075]\"><img loading=\"lazy\" decoding=\"async\" width=\"150\" height=\"150\" src=\"https:\/\/zeromski.czest.pl\/wp-content\/uploads\/2024\/03\/dzienottwarty2024-34-Copy-150x150.png\" class=\"attachment-thumbnail size-thumbnail\" alt=\"Dzie\u0144 otwarty 2024-zdjcia nr 34\" \/><\/a>\n\t\t\t<\/dt><\/dl><br style=\"clear: both\" \/><dl class='gallery-item'>\n\t\t\t<dt class='gallery-icon portrait'>\n\t\t\t\t<a href='https:\/\/zeromski.czest.pl\/wp-content\/uploads\/2024\/03\/dzienottwarty2024-35-Copy.png' rel=\"lightbox[18075]\"><img loading=\"lazy\" decoding=\"async\" width=\"150\" height=\"150\" src=\"https:\/\/zeromski.czest.pl\/wp-content\/uploads\/2024\/03\/dzienottwarty2024-35-Copy-150x150.png\" class=\"attachment-thumbnail size-thumbnail\" alt=\"Dzie\u0144 otwarty 2024-zdjcia nr 35\" \/><\/a>\n\t\t\t<\/dt><\/dl><dl class='gallery-item'>\n\t\t\t<dt class='gallery-icon landscape'>\n\t\t\t\t<a href='https:\/\/zeromski.czest.pl\/wp-content\/uploads\/2024\/03\/dzienottwarty2024-36-Copy.png' rel=\"lightbox[18075]\"><img loading=\"lazy\" decoding=\"async\" width=\"150\" height=\"150\" src=\"https:\/\/zeromski.czest.pl\/wp-content\/uploads\/2024\/03\/dzienottwarty2024-36-Copy-150x150.png\" class=\"attachment-thumbnail size-thumbnail\" alt=\"Dzie\u0144 otwarty 2024-zdjcia nr 36\" \/><\/a>\n\t\t\t<\/dt><\/dl><dl class='gallery-item'>\n\t\t\t<dt class='gallery-icon portrait'>\n\t\t\t\t<a href='https:\/\/zeromski.czest.pl\/wp-content\/uploads\/2024\/03\/dzienottwarty2024-37-Copy.png' rel=\"lightbox[18075]\"><img loading=\"lazy\" decoding=\"async\" width=\"150\" height=\"150\" src=\"https:\/\/zeromski.czest.pl\/wp-content\/uploads\/2024\/03\/dzienottwarty2024-37-Copy-150x150.png\" class=\"attachment-thumbnail size-thumbnail\" alt=\"Dzie\u0144 otwarty 2024-zdjcia nr 37\" \/><\/a>\n\t\t\t<\/dt><\/dl><br style=\"clear: both\" \/><dl class='gallery-item'>\n\t\t\t<dt class='gallery-icon portrait'>\n\t\t\t\t<a href='https:\/\/zeromski.czest.pl\/wp-content\/uploads\/2024\/03\/dzienottwarty2024-38-Copy.png' rel=\"lightbox[18075]\"><img loading=\"lazy\" decoding=\"async\" width=\"150\" height=\"150\" src=\"https:\/\/zeromski.czest.pl\/wp-content\/uploads\/2024\/03\/dzienottwarty2024-38-Copy-150x150.png\" class=\"attachment-thumbnail size-thumbnail\" alt=\"Dzie\u0144 otwarty 2024-zdjcia nr 38\" \/><\/a>\n\t\t\t<\/dt><\/dl><dl class='gallery-item'>\n\t\t\t<dt class='gallery-icon portrait'>\n\t\t\t\t<a href='https:\/\/zeromski.czest.pl\/wp-content\/uploads\/2024\/03\/dzienottwarty2024-39-Copy.png' rel=\"lightbox[18075]\"><img loading=\"lazy\" decoding=\"async\" width=\"150\" height=\"150\" src=\"https:\/\/zeromski.czest.pl\/wp-content\/uploads\/2024\/03\/dzienottwarty2024-39-Copy-150x150.png\" class=\"attachment-thumbnail size-thumbnail\" alt=\"Dzie\u0144 otwarty 2024-zdjcia nr 39\" \/><\/a>\n\t\t\t<\/dt><\/dl><dl class='gallery-item'>\n\t\t\t<dt class='gallery-icon portrait'>\n\t\t\t\t<a href='https:\/\/zeromski.czest.pl\/wp-content\/uploads\/2024\/03\/dzienottwarty2024-40-Copy.png' rel=\"lightbox[18075]\"><img loading=\"lazy\" decoding=\"async\" width=\"150\" height=\"150\" src=\"https:\/\/zeromski.czest.pl\/wp-content\/uploads\/2024\/03\/dzienottwarty2024-40-Copy-150x150.png\" class=\"attachment-thumbnail size-thumbnail\" alt=\"Dzie\u0144 otwarty 2024-zdjcia nr 40\" \/><\/a>\n\t\t\t<\/dt><\/dl><br style=\"clear: both\" \/><dl class='gallery-item'>\n\t\t\t<dt class='gallery-icon landscape'>\n\t\t\t\t<a href='https:\/\/zeromski.czest.pl\/wp-content\/uploads\/2024\/03\/dzienottwarty2024-41-Copy.png' rel=\"lightbox[18075]\"><img loading=\"lazy\" decoding=\"async\" width=\"150\" height=\"150\" src=\"https:\/\/zeromski.czest.pl\/wp-content\/uploads\/2024\/03\/dzienottwarty2024-41-Copy-150x150.png\" class=\"attachment-thumbnail size-thumbnail\" alt=\"Dzie\u0144 otwarty 2024-zdjcia nr 41\" \/><\/a>\n\t\t\t<\/dt><\/dl><dl class='gallery-item'>\n\t\t\t<dt class='gallery-icon portrait'>\n\t\t\t\t<a href='https:\/\/zeromski.czest.pl\/wp-content\/uploads\/2024\/03\/dzienottwarty2024-42-Copy.png' rel=\"lightbox[18075]\"><img loading=\"lazy\" decoding=\"async\" width=\"150\" height=\"150\" src=\"https:\/\/zeromski.czest.pl\/wp-content\/uploads\/2024\/03\/dzienottwarty2024-42-Copy-150x150.png\" class=\"attachment-thumbnail size-thumbnail\" alt=\"Dzie\u0144 otwarty 2024-zdjcia nr 42\" \/><\/a>\n\t\t\t<\/dt><\/dl><dl class='gallery-item'>\n\t\t\t<dt class='gallery-icon portrait'>\n\t\t\t\t<a href='https:\/\/zeromski.czest.pl\/wp-content\/uploads\/2024\/03\/dzienottwarty2024-43-Copy.png' rel=\"lightbox[18075]\"><img loading=\"lazy\" decoding=\"async\" width=\"150\" height=\"150\" src=\"https:\/\/zeromski.czest.pl\/wp-content\/uploads\/2024\/03\/dzienottwarty2024-43-Copy-150x150.png\" class=\"attachment-thumbnail size-thumbnail\" alt=\"Dzie\u0144 otwarty 2024-zdjcia nr 43\" \/><\/a>\n\t\t\t<\/dt><\/dl><br style=\"clear: both\" \/><dl class='gallery-item'>\n\t\t\t<dt class='gallery-icon portrait'>\n\t\t\t\t<a href='https:\/\/zeromski.czest.pl\/wp-content\/uploads\/2024\/03\/dzienottwarty2024-44-Copy.png' rel=\"lightbox[18075]\"><img loading=\"lazy\" decoding=\"async\" width=\"150\" height=\"150\" src=\"https:\/\/zeromski.czest.pl\/wp-content\/uploads\/2024\/03\/dzienottwarty2024-44-Copy-150x150.png\" class=\"attachment-thumbnail size-thumbnail\" alt=\"Dzie\u0144 otwarty 2024-zdjcia nr 45\" \/><\/a>\n\t\t\t<\/dt><\/dl><dl class='gallery-item'>\n\t\t\t<dt class='gallery-icon portrait'>\n\t\t\t\t<a href='https:\/\/zeromski.czest.pl\/wp-content\/uploads\/2024\/03\/dzienottwarty2024-45-Copy.png' rel=\"lightbox[18075]\"><img loading=\"lazy\" decoding=\"async\" width=\"150\" height=\"150\" src=\"https:\/\/zeromski.czest.pl\/wp-content\/uploads\/2024\/03\/dzienottwarty2024-45-Copy-150x150.png\" class=\"attachment-thumbnail size-thumbnail\" alt=\"Dzie\u0144 otwarty 2024-zdjcia nr 46\" \/><\/a>\n\t\t\t<\/dt><\/dl><dl class='gallery-item'>\n\t\t\t<dt class='gallery-icon landscape'>\n\t\t\t\t<a href='https:\/\/zeromski.czest.pl\/wp-content\/uploads\/2024\/03\/dzienottwarty2024-46-Copy.png' rel=\"lightbox[18075]\"><img loading=\"lazy\" decoding=\"async\" width=\"150\" height=\"150\" src=\"https:\/\/zeromski.czest.pl\/wp-content\/uploads\/2024\/03\/dzienottwarty2024-46-Copy-150x150.png\" class=\"attachment-thumbnail size-thumbnail\" alt=\"Dzie\u0144 otwarty 2024-zdjcia nr 47\" \/><\/a>\n\t\t\t<\/dt><\/dl><br style=\"clear: both\" \/><dl class='gallery-item'>\n\t\t\t<dt class='gallery-icon landscape'>\n\t\t\t\t<a href='https:\/\/zeromski.czest.pl\/wp-content\/uploads\/2024\/03\/dzienottwarty2024-47-Copy.png' rel=\"lightbox[18075]\"><img loading=\"lazy\" decoding=\"async\" width=\"150\" height=\"150\" src=\"https:\/\/zeromski.czest.pl\/wp-content\/uploads\/2024\/03\/dzienottwarty2024-47-Copy-150x150.png\" class=\"attachment-thumbnail size-thumbnail\" alt=\"Dzie\u0144 otwarty 2024-zdjcia nr 48\" srcset=\"https:\/\/zeromski.czest.pl\/wp-content\/uploads\/2024\/03\/dzienottwarty2024-47-Copy-150x150.png 150w, https:\/\/zeromski.czest.pl\/wp-content\/uploads\/2024\/03\/dzienottwarty2024-47-Copy-300x300.png 300w, https:\/\/zeromski.czest.pl\/wp-content\/uploads\/2024\/03\/dzienottwarty2024-47-Copy-850x850.png 850w, https:\/\/zeromski.czest.pl\/wp-content\/uploads\/2024\/03\/dzienottwarty2024-47-Copy-768x768.png 768w, https:\/\/zeromski.czest.pl\/wp-content\/uploads\/2024\/03\/dzienottwarty2024-47-Copy.png 900w\" sizes=\"auto, (max-width: 150px) 100vw, 150px\" \/><\/a>\n\t\t\t<\/dt><\/dl>\n\t\t\t<br style='clear: both' \/>\n\t\t<\/div>\n\n","protected":false},"excerpt":{"rendered":"<p>\ufeff\ufeff Dnia 14 marca 2024 roku zaprosili\u015bmy uczni\u00f3w klas \u00f3smych szk\u00f3\u0142 podstawowych na Dzie\u0144 Otwarty. M\u0142odzie\u017c mia\u0142a mo\u017cliwo\u015b\u0107 zapozna\u0107 si\u0119 z ofert\u0105 edukacyjn\u0105 naszej szko\u0142y na rok szkolny 2024\/2025, zwiedzi\u0107 pracownie oraz porozmawia\u0107 z nauczycielami i uczniami naszej plac\u00f3wki.<\/p>\n","protected":false},"author":1,"featured_media":0,"comment_status":"closed","ping_status":"closed","sticky":false,"template":"","format":"standard","meta":{"footnotes":"","_links_to":"","_links_to_target":""},"categories":[14],"tags":[],"class_list":["post-18075","post","type-post","status-publish","format-standard","hentry","category-aktualnosci"],"_links":{"self":[{"href":"https:\/\/zeromski.czest.pl\/index.php?rest_route=\/wp\/v2\/posts\/18075","targetHints":{"allow":["GET"]}}],"collection":[{"href":"https:\/\/zeromski.czest.pl\/index.php?rest_route=\/wp\/v2\/posts"}],"about":[{"href":"https:\/\/zeromski.czest.pl\/index.php?rest_route=\/wp\/v2\/types\/post"}],"author":[{"embeddable":true,"href":"https:\/\/zeromski.czest.pl\/index.php?rest_route=\/wp\/v2\/users\/1"}],"replies":[{"embeddable":true,"href":"https:\/\/zeromski.czest.pl\/index.php?rest_route=%2Fwp%2Fv2%2Fcomments&post=18075"}],"version-history":[{"count":6,"href":"https:\/\/zeromski.czest.pl\/index.php?rest_route=\/wp\/v2\/posts\/18075\/revisions"}],"predecessor-version":[{"id":18129,"href":"https:\/\/zeromski.czest.pl\/index.php?rest_route=\/wp\/v2\/posts\/18075\/revisions\/18129"}],"wp:attachment":[{"href":"https:\/\/zeromski.czest.pl\/index.php?rest_route=%2Fwp%2Fv2%2Fmedia&parent=18075"}],"wp:term":[{"taxonomy":"category","embeddable":true,"href":"https:\/\/zeromski.czest.pl\/index.php?rest_route=%2Fwp%2Fv2%2Fcategories&post=18075"},{"taxonomy":"post_tag","embeddable":true,"href":"https:\/\/zeromski.czest.pl\/index.php?rest_route=%2Fwp%2Fv2%2Ftags&post=18075"}],"curies":[{"name":"wp","href":"https:\/\/api.w.org\/{rel}","templated":true}]}}