{"id":18130,"date":"2024-03-18T07:25:55","date_gmt":"2024-03-18T07:25:55","guid":{"rendered":"https:\/\/zeromski.czest.pl\/?p=18130"},"modified":"2024-03-18T08:08:41","modified_gmt":"2024-03-18T08:08:41","slug":"lekcja-w-sadzie-2","status":"publish","type":"post","link":"https:\/\/zeromski.czest.pl\/?p=18130","title":{"rendered":"Lekcja w s\u0105dzie"},"content":{"rendered":"<p><a href=\"https:\/\/zeromski.czest.pl\/wp-content\/uploads\/2024\/03\/sad2024-2.png\" rel=\"lightbox[18130]\"><img loading=\"lazy\" decoding=\"async\" class=\"size-medium wp-image-18132 aligncenter\" src=\"https:\/\/zeromski.czest.pl\/wp-content\/uploads\/2024\/03\/sad2024-2-300x225.png\" alt=\"Lekcja w s\u0105dzie 2024-zdj\u0119cie nr 2\" width=\"300\" height=\"225\" srcset=\"https:\/\/zeromski.czest.pl\/wp-content\/uploads\/2024\/03\/sad2024-2-300x225.png 300w, https:\/\/zeromski.czest.pl\/wp-content\/uploads\/2024\/03\/sad2024-2-1133x850.png 1133w, https:\/\/zeromski.czest.pl\/wp-content\/uploads\/2024\/03\/sad2024-2-768x576.png 768w, https:\/\/zeromski.czest.pl\/wp-content\/uploads\/2024\/03\/sad2024-2.png 1200w\" sizes=\"auto, (max-width: 300px) 100vw, 300px\" \/><\/a><br \/>\n15 marca b. r. uczniowie z klasy 3a i 2a w towarzystwie nauczycieli: pani Beaty Wieczorek i pani Magdaleny Krzypkowskiej- Ujmy uczestniczyli w dw\u00f3ch rozprawach s\u0105dowych, kt\u00f3re odby\u0142y si\u0119 w nowym budynku S\u0105du na ul. Rocha. Budynek zaimponowa\u0142 naszej m\u0142odzie\u017cy, gdy\u017c swoim wygl\u0105dem przypomina te, kt\u00f3re znamy z ameryka\u0144skich film\u00f3w. W \u015brodku dominuje tam przede wszystkim drewno i beton. Sale s\u0105 du\u017ce i przestronne, dzi\u0119ki temu dwie klasy mog\u0142y spokojnie uczestniczy\u0107 w rozprawach. Jedna rozprawa dotyczy\u0142a b\u00f3jki, a druga jazdy pod wp\u0142ywem alkoholu i zniszczenia mienia.<!--more--><br \/>\nUczniowie naszej szko\u0142y opr\u00f3cz rozpraw mieli r\u00f3wnie\u017c mo\u017cliwo\u015b\u0107 uczestniczy\u0107 w lekcji edukacyjnej. S\u0119dzia Mateusz Przes\u0142a\u0144ski opowiedzia\u0142 im jak funkcjonuje wymiar sprawiedliwo\u015bci w Polsce i odpowiada\u0142 na zadawane przez uczni\u00f3w pytania. Wierzymy, \u017ce ta lekcja pokaza\u0142a dzia\u0142anie prawa od strony praktycznej &#8211; w inny spos\u00f3b, ni\u017c czytanie suchego tekstu z podr\u0119cznika WOS-u.<\/p>\n\n\t\t<style type=\"text\/css\">\n\t\t\t#gallery-1 {\n\t\t\t\tmargin: auto;\n\t\t\t}\n\t\t\t#gallery-1 .gallery-item {\n\t\t\t\tfloat: left;\n\t\t\t\tmargin-top: 10px;\n\t\t\t\ttext-align: center;\n\t\t\t\twidth: 33%;\n\t\t\t}\n\t\t\t#gallery-1 img {\n\t\t\t\tborder: 2px solid #cfcfcf;\n\t\t\t}\n\t\t\t#gallery-1 .gallery-caption {\n\t\t\t\tmargin-left: 0;\n\t\t\t}\n\t\t\t\/* see gallery_shortcode() in wp-includes\/media.php *\/\n\t\t<\/style>\n\t\t<div id='gallery-1' class='gallery galleryid-18130 gallery-columns-3 gallery-size-thumbnail'><dl class='gallery-item'>\n\t\t\t<dt class='gallery-icon landscape'>\n\t\t\t\t<a href='https:\/\/zeromski.czest.pl\/wp-content\/uploads\/2024\/03\/sad2024-5.png' rel=\"lightbox[18130]\"><img loading=\"lazy\" decoding=\"async\" width=\"150\" height=\"150\" src=\"https:\/\/zeromski.czest.pl\/wp-content\/uploads\/2024\/03\/sad2024-5-150x150.png\" class=\"attachment-thumbnail size-thumbnail\" alt=\"Lekcja w s\u0105dzie 2024-zdj\u0119cie nr 5\" \/><\/a>\n\t\t\t<\/dt><\/dl><dl class='gallery-item'>\n\t\t\t<dt class='gallery-icon landscape'>\n\t\t\t\t<a href='https:\/\/zeromski.czest.pl\/wp-content\/uploads\/2024\/03\/sad2024-4.png' rel=\"lightbox[18130]\"><img loading=\"lazy\" decoding=\"async\" width=\"150\" height=\"150\" src=\"https:\/\/zeromski.czest.pl\/wp-content\/uploads\/2024\/03\/sad2024-4-150x150.png\" class=\"attachment-thumbnail size-thumbnail\" alt=\"\" \/><\/a>\n\t\t\t<\/dt><\/dl><dl class='gallery-item'>\n\t\t\t<dt class='gallery-icon portrait'>\n\t\t\t\t<a href='https:\/\/zeromski.czest.pl\/wp-content\/uploads\/2024\/03\/sad2024-3.png' rel=\"lightbox[18130]\"><img loading=\"lazy\" decoding=\"async\" width=\"150\" height=\"150\" src=\"https:\/\/zeromski.czest.pl\/wp-content\/uploads\/2024\/03\/sad2024-3-150x150.png\" class=\"attachment-thumbnail size-thumbnail\" alt=\"Lekcja w s\u0105dzie 2024-zdj\u0119cie nr 3\" \/><\/a>\n\t\t\t<\/dt><\/dl><br style=\"clear: both\" \/><dl class='gallery-item'>\n\t\t\t<dt class='gallery-icon landscape'>\n\t\t\t\t<a href='https:\/\/zeromski.czest.pl\/wp-content\/uploads\/2024\/03\/sad2024-1.png' rel=\"lightbox[18130]\"><img loading=\"lazy\" decoding=\"async\" width=\"150\" height=\"150\" src=\"https:\/\/zeromski.czest.pl\/wp-content\/uploads\/2024\/03\/sad2024-1-150x150.png\" class=\"attachment-thumbnail size-thumbnail\" alt=\"Lekcja w s\u0105dzie 2024-zdj\u0119cie nr 1\" \/><\/a>\n\t\t\t<\/dt><\/dl>\n\t\t\t<br style='clear: both' \/>\n\t\t<\/div>\n\n","protected":false},"excerpt":{"rendered":"<p>15 marca b. r. uczniowie z klasy 3a i 2a w towarzystwie nauczycieli: pani Beaty Wieczorek i pani Magdaleny Krzypkowskiej- Ujmy uczestniczyli w dw\u00f3ch rozprawach s\u0105dowych, kt\u00f3re odby\u0142y si\u0119 w nowym budynku S\u0105du na ul. Rocha. Budynek zaimponowa\u0142 naszej m\u0142odzie\u017cy, &hellip; <a href=\"https:\/\/zeromski.czest.pl\/?p=18130\">Czytaj dalej <span class=\"meta-nav\">&rarr;<\/span><\/a><\/p>\n","protected":false},"author":1,"featured_media":0,"comment_status":"closed","ping_status":"closed","sticky":false,"template":"","format":"standard","meta":{"footnotes":"","_links_to":"","_links_to_target":""},"categories":[14],"tags":[],"class_list":["post-18130","post","type-post","status-publish","format-standard","hentry","category-aktualnosci"],"_links":{"self":[{"href":"https:\/\/zeromski.czest.pl\/index.php?rest_route=\/wp\/v2\/posts\/18130","targetHints":{"allow":["GET"]}}],"collection":[{"href":"https:\/\/zeromski.czest.pl\/index.php?rest_route=\/wp\/v2\/posts"}],"about":[{"href":"https:\/\/zeromski.czest.pl\/index.php?rest_route=\/wp\/v2\/types\/post"}],"author":[{"embeddable":true,"href":"https:\/\/zeromski.czest.pl\/index.php?rest_route=\/wp\/v2\/users\/1"}],"replies":[{"embeddable":true,"href":"https:\/\/zeromski.czest.pl\/index.php?rest_route=%2Fwp%2Fv2%2Fcomments&post=18130"}],"version-history":[{"count":3,"href":"https:\/\/zeromski.czest.pl\/index.php?rest_route=\/wp\/v2\/posts\/18130\/revisions"}],"predecessor-version":[{"id":18138,"href":"https:\/\/zeromski.czest.pl\/index.php?rest_route=\/wp\/v2\/posts\/18130\/revisions\/18138"}],"wp:attachment":[{"href":"https:\/\/zeromski.czest.pl\/index.php?rest_route=%2Fwp%2Fv2%2Fmedia&parent=18130"}],"wp:term":[{"taxonomy":"category","embeddable":true,"href":"https:\/\/zeromski.czest.pl\/index.php?rest_route=%2Fwp%2Fv2%2Fcategories&post=18130"},{"taxonomy":"post_tag","embeddable":true,"href":"https:\/\/zeromski.czest.pl\/index.php?rest_route=%2Fwp%2Fv2%2Ftags&post=18130"}],"curies":[{"name":"wp","href":"https:\/\/api.w.org\/{rel}","templated":true}]}}