{"id":20812,"date":"2025-04-14T06:30:36","date_gmt":"2025-04-14T06:30:36","guid":{"rendered":"https:\/\/zeromski.czest.pl\/?p=20812"},"modified":"2025-04-14T07:02:53","modified_gmt":"2025-04-14T07:02:53","slug":"ozdoba-do-wlosow","status":"publish","type":"post","link":"https:\/\/zeromski.czest.pl\/?p=20812","title":{"rendered":"I Mi\u0119dzyszkolny Konkurs &#8222;Ozdoba do w\u0142os\u00f3w&#8221;"},"content":{"rendered":"<p><a href=\"https:\/\/zeromski.czest.pl\/wp-content\/uploads\/2025\/04\/1.png\" rel=\"lightbox[20812]\"><img loading=\"lazy\" decoding=\"async\" class=\"alignnone size-full wp-image-20817\" src=\"https:\/\/zeromski.czest.pl\/wp-content\/uploads\/2025\/04\/1.png\" alt=\"I Mi\u0119dzyszkolny Konkurs Ozdoba do w\u0142os\u00f3w-zdj\u0119cie nr 1\" width=\"587\" height=\"291\" srcset=\"https:\/\/zeromski.czest.pl\/wp-content\/uploads\/2025\/04\/1.png 587w, https:\/\/zeromski.czest.pl\/wp-content\/uploads\/2025\/04\/1-300x149.png 300w\" sizes=\"auto, (max-width: 587px) 100vw, 587px\" \/><\/a><\/p>\n<p>9 kwietnia 2025r., w Zespole Szk\u00f3\u0142 Technicznych i Og\u00f3lnokszta\u0142c\u0105cych im. S. \u017beromskiego w Cz\u0119stochowie, odby\u0142o si\u0119 podsumowanie I Mi\u0119dzyszkolnego Konkursu &#8222;Ozdoba do w\u0142os\u00f3w&#8221;, zorganizowanego przez Zesp\u00f3\u0142 Szk\u00f3\u0142 Specjalnych nr 28 w Cz\u0119stochowie i nasz\u0105 szko\u0142\u0119. W konkursie wzi\u0119\u0142o udzia\u0142 ponad trzydziestu uczestnik\u00f3w z jedenastu cz\u0119stochowskich szk\u00f3\u0142 i plac\u00f3wek. Byli to uczniowie klas VII i VIII szk\u00f3\u0142 podstawowych oraz uczniowie szk\u00f3\u0142 przysposabiaj\u0105cych do pracy.<!--more--><\/p>\n<p>Zadanie konkursowe polega\u0142o na wykonaniu ozdoby do w\u0142os\u00f3w i zaprojektowaniu odpowiedniej dla niej fryzury. \u00a0Laureaci konkursu uczestniczyli w warsztatach prowadzonych przez nauczycieli zawodu oraz uczni\u00f3w klas fryzjerskich ZSTiO. Podczas zaj\u0119\u0107 mo\u017cna by\u0142o porozmawia\u0107 na temat piel\u0119gnacji w\u0142os\u00f3w, obserwowa\u0107 prac\u0119 fryzjer\u00f3w, kt\u00f3rzy pod czujnym okiem projektant\u00f3w, wykonywali fryzury z wykorzystaniem nagrodzonych w konkursie ozd\u00f3b.<\/p>\n<p>Podczas uroczystego \u00a0wr\u0119czania dyplom\u00f3w i nagr\u00f3d rzeczowych prezentowane by\u0142y \u00a0prace demonstrowane na modelkach oraz na wystawie pokonkursowej.<\/p>\n<p>Obecni na gali konkursowej mieli mo\u017cliwo\u015b\u0107 podziwiania kreatywno\u015bci, pomys\u0142owo\u015bci i starannego wykonania ozd\u00f3b i fryzur.<\/p>\n\n\t\t<style type=\"text\/css\">\n\t\t\t#gallery-1 {\n\t\t\t\tmargin: auto;\n\t\t\t}\n\t\t\t#gallery-1 .gallery-item {\n\t\t\t\tfloat: left;\n\t\t\t\tmargin-top: 10px;\n\t\t\t\ttext-align: center;\n\t\t\t\twidth: 33%;\n\t\t\t}\n\t\t\t#gallery-1 img {\n\t\t\t\tborder: 2px solid #cfcfcf;\n\t\t\t}\n\t\t\t#gallery-1 .gallery-caption {\n\t\t\t\tmargin-left: 0;\n\t\t\t}\n\t\t\t\/* see gallery_shortcode() in wp-includes\/media.php *\/\n\t\t<\/style>\n\t\t<div id='gallery-1' class='gallery galleryid-20812 gallery-columns-3 gallery-size-thumbnail'><dl class='gallery-item'>\n\t\t\t<dt class='gallery-icon landscape'>\n\t\t\t\t<a href='https:\/\/zeromski.czest.pl\/wp-content\/uploads\/2025\/04\/4.png' rel=\"lightbox[20812]\"><img loading=\"lazy\" decoding=\"async\" width=\"150\" height=\"150\" src=\"https:\/\/zeromski.czest.pl\/wp-content\/uploads\/2025\/04\/4-150x150.png\" class=\"attachment-thumbnail size-thumbnail\" alt=\"I Mi\u0119dzyszkolny Konkurs Ozdoba do w\u0142os\u00f3w-zdj\u0119cie nr 4\" \/><\/a>\n\t\t\t<\/dt><\/dl><dl class='gallery-item'>\n\t\t\t<dt class='gallery-icon portrait'>\n\t\t\t\t<a href='https:\/\/zeromski.czest.pl\/wp-content\/uploads\/2025\/04\/3.png' rel=\"lightbox[20812]\"><img loading=\"lazy\" decoding=\"async\" width=\"150\" height=\"150\" src=\"https:\/\/zeromski.czest.pl\/wp-content\/uploads\/2025\/04\/3-150x150.png\" class=\"attachment-thumbnail size-thumbnail\" alt=\"I Mi\u0119dzyszkolny Konkurs Ozdoba do w\u0142os\u00f3w-zdj\u0119cie nr 3\" \/><\/a>\n\t\t\t<\/dt><\/dl><dl class='gallery-item'>\n\t\t\t<dt class='gallery-icon landscape'>\n\t\t\t\t<a href='https:\/\/zeromski.czest.pl\/wp-content\/uploads\/2025\/04\/2.png' rel=\"lightbox[20812]\"><img loading=\"lazy\" decoding=\"async\" width=\"150\" height=\"150\" src=\"https:\/\/zeromski.czest.pl\/wp-content\/uploads\/2025\/04\/2-150x150.png\" class=\"attachment-thumbnail size-thumbnail\" alt=\"I Mi\u0119dzyszkolny Konkurs Ozdoba do w\u0142os\u00f3w-zdj\u0119cie nr 2\" \/><\/a>\n\t\t\t<\/dt><\/dl><br style=\"clear: both\" \/>\n\t\t<\/div>\n\n","protected":false},"excerpt":{"rendered":"<p>9 kwietnia 2025r., w Zespole Szk\u00f3\u0142 Technicznych i Og\u00f3lnokszta\u0142c\u0105cych im. S. \u017beromskiego w Cz\u0119stochowie, odby\u0142o si\u0119 podsumowanie I Mi\u0119dzyszkolnego Konkursu &#8222;Ozdoba do w\u0142os\u00f3w&#8221;, zorganizowanego przez Zesp\u00f3\u0142 Szk\u00f3\u0142 Specjalnych nr 28 w Cz\u0119stochowie i nasz\u0105 szko\u0142\u0119. W konkursie wzi\u0119\u0142o udzia\u0142 ponad &hellip; <a href=\"https:\/\/zeromski.czest.pl\/?p=20812\">Czytaj dalej <span class=\"meta-nav\">&rarr;<\/span><\/a><\/p>\n","protected":false},"author":1,"featured_media":0,"comment_status":"closed","ping_status":"closed","sticky":false,"template":"","format":"standard","meta":{"footnotes":"","_links_to":"","_links_to_target":""},"categories":[14],"tags":[],"class_list":["post-20812","post","type-post","status-publish","format-standard","hentry","category-aktualnosci"],"_links":{"self":[{"href":"https:\/\/zeromski.czest.pl\/index.php?rest_route=\/wp\/v2\/posts\/20812","targetHints":{"allow":["GET"]}}],"collection":[{"href":"https:\/\/zeromski.czest.pl\/index.php?rest_route=\/wp\/v2\/posts"}],"about":[{"href":"https:\/\/zeromski.czest.pl\/index.php?rest_route=\/wp\/v2\/types\/post"}],"author":[{"embeddable":true,"href":"https:\/\/zeromski.czest.pl\/index.php?rest_route=\/wp\/v2\/users\/1"}],"replies":[{"embeddable":true,"href":"https:\/\/zeromski.czest.pl\/index.php?rest_route=%2Fwp%2Fv2%2Fcomments&post=20812"}],"version-history":[{"count":3,"href":"https:\/\/zeromski.czest.pl\/index.php?rest_route=\/wp\/v2\/posts\/20812\/revisions"}],"predecessor-version":[{"id":20821,"href":"https:\/\/zeromski.czest.pl\/index.php?rest_route=\/wp\/v2\/posts\/20812\/revisions\/20821"}],"wp:attachment":[{"href":"https:\/\/zeromski.czest.pl\/index.php?rest_route=%2Fwp%2Fv2%2Fmedia&parent=20812"}],"wp:term":[{"taxonomy":"category","embeddable":true,"href":"https:\/\/zeromski.czest.pl\/index.php?rest_route=%2Fwp%2Fv2%2Fcategories&post=20812"},{"taxonomy":"post_tag","embeddable":true,"href":"https:\/\/zeromski.czest.pl\/index.php?rest_route=%2Fwp%2Fv2%2Ftags&post=20812"}],"curies":[{"name":"wp","href":"https:\/\/api.w.org\/{rel}","templated":true}]}}