{"id":20838,"date":"2025-04-15T06:32:41","date_gmt":"2025-04-15T06:32:41","guid":{"rendered":"https:\/\/zeromski.czest.pl\/?p=20838"},"modified":"2025-04-15T06:35:17","modified_gmt":"2025-04-15T06:35:17","slug":"swieto-chrztu-polski-2","status":"publish","type":"post","link":"https:\/\/zeromski.czest.pl\/?p=20838","title":{"rendered":"\u015awi\u0119to Chrztu Polski"},"content":{"rendered":"<p><a href=\"https:\/\/zeromski.czest.pl\/wp-content\/uploads\/2025\/04\/Swieto-Chrztu-Polski-2.jpg\" rel=\"lightbox[20838]\"><img loading=\"lazy\" decoding=\"async\" class=\"wp-image-20845 aligncenter\" src=\"https:\/\/zeromski.czest.pl\/wp-content\/uploads\/2025\/04\/Swieto-Chrztu-Polski-2.jpg\" alt=\"\u015awi\u0119to Chrztu Polski-zdj\u0119cie nr 2\" width=\"440\" height=\"330\" srcset=\"https:\/\/zeromski.czest.pl\/wp-content\/uploads\/2025\/04\/Swieto-Chrztu-Polski-2.jpg 1600w, https:\/\/zeromski.czest.pl\/wp-content\/uploads\/2025\/04\/Swieto-Chrztu-Polski-2-300x225.jpg 300w, https:\/\/zeromski.czest.pl\/wp-content\/uploads\/2025\/04\/Swieto-Chrztu-Polski-2-1133x850.jpg 1133w, https:\/\/zeromski.czest.pl\/wp-content\/uploads\/2025\/04\/Swieto-Chrztu-Polski-2-768x576.jpg 768w, https:\/\/zeromski.czest.pl\/wp-content\/uploads\/2025\/04\/Swieto-Chrztu-Polski-2-1536x1152.jpg 1536w\" sizes=\"auto, (max-width: 440px) 100vw, 440px\" \/><\/a><\/p>\n<p>W dniu 2 lutego 2019 r. Sejm Rzeczpospolitej Polskiej przyj\u0105\u0142 ustaw\u0119 zak\u0142adaj\u0105c\u0105 ustanowienie dnia 14 kwietnia pa\u0144stwowym \u015awi\u0119tem Chrztu Polski. Chrzest ksi\u0119cia Mieszka I to prze\u0142omowe wydarzenie w dziejach pa\u0144stwa i narodu polskiego, uznawane za symboliczny pocz\u0105tek polskiej pa\u0144stwowo\u015bci. Mia\u0142 on donios\u0142e znaczenie polityczne, kulturowe i to\u017csamo\u015bciowe \u2013 wprowadzi\u0142 rodz\u0105ce si\u0119 w\u00f3wczas pa\u0144stwo polskie w kr\u0105g cywilizacyjny Europy Zachodniej. Za symboliczn\u0105 dat\u0119 Chrztu Polski uznaje si\u0119 Wielk\u0105 Sobot\u0119, 14 kwietnia 966 r. Dzi\u015b obchodzili\u015bmy 1059 rocznic\u0119 tego wydarzenia.<!--more--><\/p>\n\n\t\t<style type=\"text\/css\">\n\t\t\t#gallery-1 {\n\t\t\t\tmargin: auto;\n\t\t\t}\n\t\t\t#gallery-1 .gallery-item {\n\t\t\t\tfloat: left;\n\t\t\t\tmargin-top: 10px;\n\t\t\t\ttext-align: center;\n\t\t\t\twidth: 33%;\n\t\t\t}\n\t\t\t#gallery-1 img {\n\t\t\t\tborder: 2px solid #cfcfcf;\n\t\t\t}\n\t\t\t#gallery-1 .gallery-caption {\n\t\t\t\tmargin-left: 0;\n\t\t\t}\n\t\t\t\/* see gallery_shortcode() in wp-includes\/media.php *\/\n\t\t<\/style>\n\t\t<div id='gallery-1' class='gallery galleryid-20838 gallery-columns-3 gallery-size-thumbnail'><dl class='gallery-item'>\n\t\t\t<dt class='gallery-icon landscape'>\n\t\t\t\t<a href='https:\/\/zeromski.czest.pl\/wp-content\/uploads\/2025\/04\/Swieto-Chrztu-Polski-1-e1744698800331.jpg' rel=\"lightbox[20838]\"><img loading=\"lazy\" decoding=\"async\" width=\"150\" height=\"150\" src=\"https:\/\/zeromski.czest.pl\/wp-content\/uploads\/2025\/04\/Swieto-Chrztu-Polski-1-150x150.jpg\" class=\"attachment-thumbnail size-thumbnail\" alt=\"\u015awi\u0119to Chrztu Polski-zdj\u0119cie nr 1\" \/><\/a>\n\t\t\t<\/dt><\/dl><dl class='gallery-item'>\n\t\t\t<dt class='gallery-icon portrait'>\n\t\t\t\t<a href='https:\/\/zeromski.czest.pl\/wp-content\/uploads\/2025\/04\/Swieto-Chrztu-Polski-3-e1744698811182.jpg' rel=\"lightbox[20838]\"><img loading=\"lazy\" decoding=\"async\" width=\"150\" height=\"150\" src=\"https:\/\/zeromski.czest.pl\/wp-content\/uploads\/2025\/04\/Swieto-Chrztu-Polski-3-150x150.jpg\" class=\"attachment-thumbnail size-thumbnail\" alt=\"\u015awi\u0119to Chrztu Polski-zdj\u0119cie nr 3\" \/><\/a>\n\t\t\t<\/dt><\/dl><dl class='gallery-item'>\n\t\t\t<dt class='gallery-icon portrait'>\n\t\t\t\t<a href='https:\/\/zeromski.czest.pl\/wp-content\/uploads\/2025\/04\/Swieto-Chrztu-Polski-4-e1744698822682.jpg' rel=\"lightbox[20838]\"><img loading=\"lazy\" decoding=\"async\" width=\"150\" height=\"150\" src=\"https:\/\/zeromski.czest.pl\/wp-content\/uploads\/2025\/04\/Swieto-Chrztu-Polski-4-150x150.jpg\" class=\"attachment-thumbnail size-thumbnail\" alt=\"\u015awi\u0119to Chrztu Polski-zdj\u0119cie nr 4\" \/><\/a>\n\t\t\t<\/dt><\/dl><br style=\"clear: both\" \/><dl class='gallery-item'>\n\t\t\t<dt class='gallery-icon portrait'>\n\t\t\t\t<a href='https:\/\/zeromski.czest.pl\/wp-content\/uploads\/2025\/04\/Swieto-Chrztu-Polski-5-e1744698832805.jpg' rel=\"lightbox[20838]\"><img loading=\"lazy\" decoding=\"async\" width=\"150\" height=\"150\" src=\"https:\/\/zeromski.czest.pl\/wp-content\/uploads\/2025\/04\/Swieto-Chrztu-Polski-5-150x150.jpg\" class=\"attachment-thumbnail size-thumbnail\" alt=\"\u015awi\u0119to Chrztu Polski-zdj\u0119cie nr 5\" \/><\/a>\n\t\t\t<\/dt><\/dl><dl class='gallery-item'>\n\t\t\t<dt class='gallery-icon portrait'>\n\t\t\t\t<a href='https:\/\/zeromski.czest.pl\/wp-content\/uploads\/2025\/04\/Swieto-Chrztu-Polski-6-e1744698843590.jpg' rel=\"lightbox[20838]\"><img loading=\"lazy\" decoding=\"async\" width=\"150\" height=\"150\" src=\"https:\/\/zeromski.czest.pl\/wp-content\/uploads\/2025\/04\/Swieto-Chrztu-Polski-6-150x150.jpg\" class=\"attachment-thumbnail size-thumbnail\" alt=\"\u015awi\u0119to Chrztu Polski-zdj\u0119cie nr 6\" \/><\/a>\n\t\t\t<\/dt><\/dl><dl class='gallery-item'>\n\t\t\t<dt class='gallery-icon landscape'>\n\t\t\t\t<a href='https:\/\/zeromski.czest.pl\/wp-content\/uploads\/2025\/04\/Swieto-Chrztu-Polski-7-e1744698854220.jpg' rel=\"lightbox[20838]\"><img loading=\"lazy\" decoding=\"async\" width=\"150\" height=\"150\" src=\"https:\/\/zeromski.czest.pl\/wp-content\/uploads\/2025\/04\/Swieto-Chrztu-Polski-7-150x150.jpg\" class=\"attachment-thumbnail size-thumbnail\" alt=\"\u015awi\u0119to Chrztu Polski-zdj\u0119cie nr 7\" \/><\/a>\n\t\t\t<\/dt><\/dl><br style=\"clear: both\" \/><dl class='gallery-item'>\n\t\t\t<dt class='gallery-icon landscape'>\n\t\t\t\t<a href='https:\/\/zeromski.czest.pl\/wp-content\/uploads\/2025\/04\/Swieto-Chrztu-Polski-8-e1744698863708.jpg' rel=\"lightbox[20838]\"><img loading=\"lazy\" decoding=\"async\" width=\"150\" height=\"150\" src=\"https:\/\/zeromski.czest.pl\/wp-content\/uploads\/2025\/04\/Swieto-Chrztu-Polski-8-150x150.jpg\" class=\"attachment-thumbnail size-thumbnail\" alt=\"\u015awi\u0119to Chrztu Polski-zdj\u0119cie nr 8\" \/><\/a>\n\t\t\t<\/dt><\/dl><dl class='gallery-item'>\n\t\t\t<dt class='gallery-icon portrait'>\n\t\t\t\t<a href='https:\/\/zeromski.czest.pl\/wp-content\/uploads\/2025\/04\/Swieto-Chrztu-Polski-9-e1744698872822.jpg' rel=\"lightbox[20838]\"><img loading=\"lazy\" decoding=\"async\" width=\"150\" height=\"150\" src=\"https:\/\/zeromski.czest.pl\/wp-content\/uploads\/2025\/04\/Swieto-Chrztu-Polski-9-150x150.jpg\" class=\"attachment-thumbnail size-thumbnail\" alt=\"\u015awi\u0119to Chrztu Polski-zdj\u0119cie nr 9\" \/><\/a>\n\t\t\t<\/dt><\/dl><dl class='gallery-item'>\n\t\t\t<dt class='gallery-icon landscape'>\n\t\t\t\t<a href='https:\/\/zeromski.czest.pl\/wp-content\/uploads\/2025\/04\/Swieto-Chrztu-Polski-10-e1744698880580.jpg' rel=\"lightbox[20838]\"><img loading=\"lazy\" decoding=\"async\" width=\"150\" height=\"150\" src=\"https:\/\/zeromski.czest.pl\/wp-content\/uploads\/2025\/04\/Swieto-Chrztu-Polski-10-150x150.jpg\" class=\"attachment-thumbnail size-thumbnail\" alt=\"\u015awi\u0119to Chrztu Polski-zdj\u0119cie nr 10\" srcset=\"https:\/\/zeromski.czest.pl\/wp-content\/uploads\/2025\/04\/Swieto-Chrztu-Polski-10-150x150.jpg 150w, https:\/\/zeromski.czest.pl\/wp-content\/uploads\/2025\/04\/Swieto-Chrztu-Polski-10-300x300.jpg 300w, https:\/\/zeromski.czest.pl\/wp-content\/uploads\/2025\/04\/Swieto-Chrztu-Polski-10-850x850.jpg 850w, https:\/\/zeromski.czest.pl\/wp-content\/uploads\/2025\/04\/Swieto-Chrztu-Polski-10-768x768.jpg 768w, https:\/\/zeromski.czest.pl\/wp-content\/uploads\/2025\/04\/Swieto-Chrztu-Polski-10-1536x1536.jpg 1536w, https:\/\/zeromski.czest.pl\/wp-content\/uploads\/2025\/04\/Swieto-Chrztu-Polski-10-e1744698880580.jpg 1200w\" sizes=\"auto, (max-width: 150px) 100vw, 150px\" \/><\/a>\n\t\t\t<\/dt><\/dl><br style=\"clear: both\" \/><dl class='gallery-item'>\n\t\t\t<dt class='gallery-icon portrait'>\n\t\t\t\t<a href='https:\/\/zeromski.czest.pl\/wp-content\/uploads\/2025\/04\/Swieto-Chrztu-Polski-11.jpg' rel=\"lightbox[20838]\"><img loading=\"lazy\" decoding=\"async\" width=\"150\" height=\"150\" src=\"https:\/\/zeromski.czest.pl\/wp-content\/uploads\/2025\/04\/Swieto-Chrztu-Polski-11-150x150.jpg\" class=\"attachment-thumbnail size-thumbnail\" alt=\"\u015awi\u0119to Chrztu Polski-zdj\u0119cie nr 11\" \/><\/a>\n\t\t\t<\/dt><\/dl><dl class='gallery-item'>\n\t\t\t<dt class='gallery-icon landscape'>\n\t\t\t\t<a href='https:\/\/zeromski.czest.pl\/wp-content\/uploads\/2025\/04\/Swieto-Chrztu-Polski-12-e1744698911794.jpg' rel=\"lightbox[20838]\"><img loading=\"lazy\" decoding=\"async\" width=\"150\" height=\"150\" src=\"https:\/\/zeromski.czest.pl\/wp-content\/uploads\/2025\/04\/Swieto-Chrztu-Polski-12-150x150.jpg\" class=\"attachment-thumbnail size-thumbnail\" alt=\"\u015awi\u0119to Chrztu Polski-zdj\u0119cie nr 12\" \/><\/a>\n\t\t\t<\/dt><\/dl>\n\t\t\t<br style='clear: both' \/>\n\t\t<\/div>\n\n","protected":false},"excerpt":{"rendered":"<p>W dniu 2 lutego 2019 r. Sejm Rzeczpospolitej Polskiej przyj\u0105\u0142 ustaw\u0119 zak\u0142adaj\u0105c\u0105 ustanowienie dnia 14 kwietnia pa\u0144stwowym \u015awi\u0119tem Chrztu Polski. Chrzest ksi\u0119cia Mieszka I to prze\u0142omowe wydarzenie w dziejach pa\u0144stwa i narodu polskiego, uznawane za symboliczny pocz\u0105tek polskiej pa\u0144stwowo\u015bci. Mia\u0142 &hellip; <a href=\"https:\/\/zeromski.czest.pl\/?p=20838\">Czytaj dalej <span class=\"meta-nav\">&rarr;<\/span><\/a><\/p>\n","protected":false},"author":1,"featured_media":0,"comment_status":"closed","ping_status":"closed","sticky":false,"template":"","format":"standard","meta":{"footnotes":"","_links_to":"","_links_to_target":""},"categories":[14],"tags":[],"class_list":["post-20838","post","type-post","status-publish","format-standard","hentry","category-aktualnosci"],"_links":{"self":[{"href":"https:\/\/zeromski.czest.pl\/index.php?rest_route=\/wp\/v2\/posts\/20838","targetHints":{"allow":["GET"]}}],"collection":[{"href":"https:\/\/zeromski.czest.pl\/index.php?rest_route=\/wp\/v2\/posts"}],"about":[{"href":"https:\/\/zeromski.czest.pl\/index.php?rest_route=\/wp\/v2\/types\/post"}],"author":[{"embeddable":true,"href":"https:\/\/zeromski.czest.pl\/index.php?rest_route=\/wp\/v2\/users\/1"}],"replies":[{"embeddable":true,"href":"https:\/\/zeromski.czest.pl\/index.php?rest_route=%2Fwp%2Fv2%2Fcomments&post=20838"}],"version-history":[{"count":2,"href":"https:\/\/zeromski.czest.pl\/index.php?rest_route=\/wp\/v2\/posts\/20838\/revisions"}],"predecessor-version":[{"id":20856,"href":"https:\/\/zeromski.czest.pl\/index.php?rest_route=\/wp\/v2\/posts\/20838\/revisions\/20856"}],"wp:attachment":[{"href":"https:\/\/zeromski.czest.pl\/index.php?rest_route=%2Fwp%2Fv2%2Fmedia&parent=20838"}],"wp:term":[{"taxonomy":"category","embeddable":true,"href":"https:\/\/zeromski.czest.pl\/index.php?rest_route=%2Fwp%2Fv2%2Fcategories&post=20838"},{"taxonomy":"post_tag","embeddable":true,"href":"https:\/\/zeromski.czest.pl\/index.php?rest_route=%2Fwp%2Fv2%2Ftags&post=20838"}],"curies":[{"name":"wp","href":"https:\/\/api.w.org\/{rel}","templated":true}]}}