{"id":20878,"date":"2025-04-15T16:40:51","date_gmt":"2025-04-15T16:40:51","guid":{"rendered":"https:\/\/zeromski.czest.pl\/?p=20878"},"modified":"2025-04-15T16:40:51","modified_gmt":"2025-04-15T16:40:51","slug":"najpiekniejszy-stol-wielkanocny-wyniki-konkursu","status":"publish","type":"post","link":"https:\/\/zeromski.czest.pl\/?p=20878","title":{"rendered":"Najpi\u0119kniejszy st\u00f3\u0142 wielkanocny-wyniki konkursu"},"content":{"rendered":"<p><a href=\"https:\/\/zeromski.czest.pl\/wp-content\/uploads\/2025\/04\/stolwielkanocny2025-1.jpg\" rel=\"lightbox[20878]\"><img loading=\"lazy\" decoding=\"async\" class=\"wp-image-20888 aligncenter\" src=\"https:\/\/zeromski.czest.pl\/wp-content\/uploads\/2025\/04\/stolwielkanocny2025-1.jpg\" alt=\"Najpi\u0119kniejszy st\u00f3\u0142 wielkanocny 2025-zdjecie nr 10\" width=\"295\" height=\"394\" srcset=\"https:\/\/zeromski.czest.pl\/wp-content\/uploads\/2025\/04\/stolwielkanocny2025-1.jpg 900w, https:\/\/zeromski.czest.pl\/wp-content\/uploads\/2025\/04\/stolwielkanocny2025-1-225x300.jpg 225w, https:\/\/zeromski.czest.pl\/wp-content\/uploads\/2025\/04\/stolwielkanocny2025-1-638x850.jpg 638w, https:\/\/zeromski.czest.pl\/wp-content\/uploads\/2025\/04\/stolwielkanocny2025-1-768x1024.jpg 768w\" sizes=\"auto, (max-width: 295px) 100vw, 295px\" \/><\/a><\/p>\n<p>Dzisiaj odby\u0142 si\u0119 fina\u0142 szkolnego konkursu na najpi\u0119kniejszy st\u00f3\u0142 wielkanocny. Do \u015bcis\u0142ego fina\u0142u dostali si\u0119 autorzy dw\u00f3ch sto\u0142\u00f3w zajmuj\u0105c tym samym ex aequo dwa pierwsze miejsca. Pozosta\u0142ym uczestnikom dzi\u0119kujemy za zg\u0142oszenia i zapraszamy do konkursu za rok.<\/p>\n<p style=\"text-align: right;\">Organizatorzy: p. Ewa \u015aliwakowska i Marta Zda\u0144ska-Szewczyk<!--more--><\/p>\n\n\t\t<style type=\"text\/css\">\n\t\t\t#gallery-1 {\n\t\t\t\tmargin: auto;\n\t\t\t}\n\t\t\t#gallery-1 .gallery-item {\n\t\t\t\tfloat: left;\n\t\t\t\tmargin-top: 10px;\n\t\t\t\ttext-align: center;\n\t\t\t\twidth: 33%;\n\t\t\t}\n\t\t\t#gallery-1 img {\n\t\t\t\tborder: 2px solid #cfcfcf;\n\t\t\t}\n\t\t\t#gallery-1 .gallery-caption {\n\t\t\t\tmargin-left: 0;\n\t\t\t}\n\t\t\t\/* see gallery_shortcode() in wp-includes\/media.php *\/\n\t\t<\/style>\n\t\t<div id='gallery-1' class='gallery galleryid-20878 gallery-columns-3 gallery-size-thumbnail'><dl class='gallery-item'>\n\t\t\t<dt class='gallery-icon landscape'>\n\t\t\t\t<a href='https:\/\/zeromski.czest.pl\/wp-content\/uploads\/2025\/04\/stolwielkanocny2025-10.jpg' rel=\"lightbox[20878]\"><img loading=\"lazy\" decoding=\"async\" width=\"150\" height=\"150\" src=\"https:\/\/zeromski.czest.pl\/wp-content\/uploads\/2025\/04\/stolwielkanocny2025-10-150x150.jpg\" class=\"attachment-thumbnail size-thumbnail\" alt=\"Najpi\u0119kniejszy st\u00f3\u0142 wielkanocny 2025-zdjecie nr 1\" \/><\/a>\n\t\t\t<\/dt><\/dl><dl class='gallery-item'>\n\t\t\t<dt class='gallery-icon landscape'>\n\t\t\t\t<a href='https:\/\/zeromski.czest.pl\/wp-content\/uploads\/2025\/04\/stolwielkanocny2025-9.jpg' rel=\"lightbox[20878]\"><img loading=\"lazy\" decoding=\"async\" width=\"150\" height=\"150\" src=\"https:\/\/zeromski.czest.pl\/wp-content\/uploads\/2025\/04\/stolwielkanocny2025-9-150x150.jpg\" class=\"attachment-thumbnail size-thumbnail\" alt=\"Najpi\u0119kniejszy st\u00f3\u0142 wielkanocny 2025-zdjecie nr 2\" \/><\/a>\n\t\t\t<\/dt><\/dl><dl class='gallery-item'>\n\t\t\t<dt class='gallery-icon landscape'>\n\t\t\t\t<a href='https:\/\/zeromski.czest.pl\/wp-content\/uploads\/2025\/04\/stolwielkanocny2025-8.jpg' rel=\"lightbox[20878]\"><img loading=\"lazy\" decoding=\"async\" width=\"150\" height=\"150\" src=\"https:\/\/zeromski.czest.pl\/wp-content\/uploads\/2025\/04\/stolwielkanocny2025-8-150x150.jpg\" class=\"attachment-thumbnail size-thumbnail\" alt=\"Najpi\u0119kniejszy st\u00f3\u0142 wielkanocny 2025-zdjecie nr 3\" \/><\/a>\n\t\t\t<\/dt><\/dl><br style=\"clear: both\" \/><dl class='gallery-item'>\n\t\t\t<dt class='gallery-icon landscape'>\n\t\t\t\t<a href='https:\/\/zeromski.czest.pl\/wp-content\/uploads\/2025\/04\/stolwielkanocny2025-7.jpg' rel=\"lightbox[20878]\"><img loading=\"lazy\" decoding=\"async\" width=\"150\" height=\"150\" src=\"https:\/\/zeromski.czest.pl\/wp-content\/uploads\/2025\/04\/stolwielkanocny2025-7-150x150.jpg\" class=\"attachment-thumbnail size-thumbnail\" alt=\"Najpi\u0119kniejszy st\u00f3\u0142 wielkanocny 2025-zdjecie nr 4\" \/><\/a>\n\t\t\t<\/dt><\/dl><dl class='gallery-item'>\n\t\t\t<dt class='gallery-icon landscape'>\n\t\t\t\t<a href='https:\/\/zeromski.czest.pl\/wp-content\/uploads\/2025\/04\/stolwielkanocny2025-6.jpg' rel=\"lightbox[20878]\"><img loading=\"lazy\" decoding=\"async\" width=\"150\" height=\"150\" src=\"https:\/\/zeromski.czest.pl\/wp-content\/uploads\/2025\/04\/stolwielkanocny2025-6-150x150.jpg\" class=\"attachment-thumbnail size-thumbnail\" alt=\"Najpi\u0119kniejszy st\u00f3\u0142 wielkanocny 2025-zdjecie nr 5\" \/><\/a>\n\t\t\t<\/dt><\/dl><dl class='gallery-item'>\n\t\t\t<dt class='gallery-icon landscape'>\n\t\t\t\t<a href='https:\/\/zeromski.czest.pl\/wp-content\/uploads\/2025\/04\/stolwielkanocny2025-5.jpg' rel=\"lightbox[20878]\"><img loading=\"lazy\" decoding=\"async\" width=\"150\" height=\"150\" src=\"https:\/\/zeromski.czest.pl\/wp-content\/uploads\/2025\/04\/stolwielkanocny2025-5-150x150.jpg\" class=\"attachment-thumbnail size-thumbnail\" alt=\"Najpi\u0119kniejszy st\u00f3\u0142 wielkanocny 2025-zdjecie nr 6\" \/><\/a>\n\t\t\t<\/dt><\/dl><br style=\"clear: both\" \/><dl class='gallery-item'>\n\t\t\t<dt class='gallery-icon landscape'>\n\t\t\t\t<a href='https:\/\/zeromski.czest.pl\/wp-content\/uploads\/2025\/04\/stolwielkanocny2025-4.jpg' rel=\"lightbox[20878]\"><img loading=\"lazy\" decoding=\"async\" width=\"150\" height=\"150\" src=\"https:\/\/zeromski.czest.pl\/wp-content\/uploads\/2025\/04\/stolwielkanocny2025-4-150x150.jpg\" class=\"attachment-thumbnail size-thumbnail\" alt=\"Najpi\u0119kniejszy st\u00f3\u0142 wielkanocny 2025-zdjecie nr 7\" \/><\/a>\n\t\t\t<\/dt><\/dl><dl class='gallery-item'>\n\t\t\t<dt class='gallery-icon portrait'>\n\t\t\t\t<a href='https:\/\/zeromski.czest.pl\/wp-content\/uploads\/2025\/04\/stolwielkanocny2025-3.jpg' rel=\"lightbox[20878]\"><img loading=\"lazy\" decoding=\"async\" width=\"150\" height=\"150\" src=\"https:\/\/zeromski.czest.pl\/wp-content\/uploads\/2025\/04\/stolwielkanocny2025-3-150x150.jpg\" class=\"attachment-thumbnail size-thumbnail\" alt=\"Najpi\u0119kniejszy st\u00f3\u0142 wielkanocny 2025-zdjecie nr 8\" \/><\/a>\n\t\t\t<\/dt><\/dl><dl class='gallery-item'>\n\t\t\t<dt class='gallery-icon portrait'>\n\t\t\t\t<a href='https:\/\/zeromski.czest.pl\/wp-content\/uploads\/2025\/04\/stolwielkanocny2025-2.jpg' rel=\"lightbox[20878]\"><img loading=\"lazy\" decoding=\"async\" width=\"150\" height=\"150\" src=\"https:\/\/zeromski.czest.pl\/wp-content\/uploads\/2025\/04\/stolwielkanocny2025-2-150x150.jpg\" class=\"attachment-thumbnail size-thumbnail\" alt=\"Najpi\u0119kniejszy st\u00f3\u0142 wielkanocny 2025-zdjecie nr 9\" \/><\/a>\n\t\t\t<\/dt><\/dl><br style=\"clear: both\" \/>\n\t\t<\/div>\n\n","protected":false},"excerpt":{"rendered":"<p>Dzisiaj odby\u0142 si\u0119 fina\u0142 szkolnego konkursu na najpi\u0119kniejszy st\u00f3\u0142 wielkanocny. Do \u015bcis\u0142ego fina\u0142u dostali si\u0119 autorzy dw\u00f3ch sto\u0142\u00f3w zajmuj\u0105c tym samym ex aequo dwa pierwsze miejsca. Pozosta\u0142ym uczestnikom dzi\u0119kujemy za zg\u0142oszenia i zapraszamy do konkursu za rok. Organizatorzy: p. Ewa &hellip; <a href=\"https:\/\/zeromski.czest.pl\/?p=20878\">Czytaj dalej <span class=\"meta-nav\">&rarr;<\/span><\/a><\/p>\n","protected":false},"author":1,"featured_media":0,"comment_status":"closed","ping_status":"closed","sticky":false,"template":"","format":"standard","meta":{"footnotes":"","_links_to":"","_links_to_target":""},"categories":[14],"tags":[],"class_list":["post-20878","post","type-post","status-publish","format-standard","hentry","category-aktualnosci"],"_links":{"self":[{"href":"https:\/\/zeromski.czest.pl\/index.php?rest_route=\/wp\/v2\/posts\/20878","targetHints":{"allow":["GET"]}}],"collection":[{"href":"https:\/\/zeromski.czest.pl\/index.php?rest_route=\/wp\/v2\/posts"}],"about":[{"href":"https:\/\/zeromski.czest.pl\/index.php?rest_route=\/wp\/v2\/types\/post"}],"author":[{"embeddable":true,"href":"https:\/\/zeromski.czest.pl\/index.php?rest_route=\/wp\/v2\/users\/1"}],"replies":[{"embeddable":true,"href":"https:\/\/zeromski.czest.pl\/index.php?rest_route=%2Fwp%2Fv2%2Fcomments&post=20878"}],"version-history":[{"count":1,"href":"https:\/\/zeromski.czest.pl\/index.php?rest_route=\/wp\/v2\/posts\/20878\/revisions"}],"predecessor-version":[{"id":20889,"href":"https:\/\/zeromski.czest.pl\/index.php?rest_route=\/wp\/v2\/posts\/20878\/revisions\/20889"}],"wp:attachment":[{"href":"https:\/\/zeromski.czest.pl\/index.php?rest_route=%2Fwp%2Fv2%2Fmedia&parent=20878"}],"wp:term":[{"taxonomy":"category","embeddable":true,"href":"https:\/\/zeromski.czest.pl\/index.php?rest_route=%2Fwp%2Fv2%2Fcategories&post=20878"},{"taxonomy":"post_tag","embeddable":true,"href":"https:\/\/zeromski.czest.pl\/index.php?rest_route=%2Fwp%2Fv2%2Ftags&post=20878"}],"curies":[{"name":"wp","href":"https:\/\/api.w.org\/{rel}","templated":true}]}}