{"id":20890,"date":"2025-04-16T06:39:24","date_gmt":"2025-04-16T06:39:24","guid":{"rendered":"https:\/\/zeromski.czest.pl\/?p=20890"},"modified":"2025-04-16T06:39:24","modified_gmt":"2025-04-16T06:39:24","slug":"zeromski-na-jasnej-gorze","status":"publish","type":"post","link":"https:\/\/zeromski.czest.pl\/?p=20890","title":{"rendered":"\u017beromski na Jasnej G\u00f3rze"},"content":{"rendered":"<p><a href=\"https:\/\/zeromski.czest.pl\/wp-content\/uploads\/2025\/04\/Zeromski-na-Jasnej-Gorze-3.png\" rel=\"lightbox[20890]\"><img loading=\"lazy\" decoding=\"async\" class=\"wp-image-20894 aligncenter\" src=\"https:\/\/zeromski.czest.pl\/wp-content\/uploads\/2025\/04\/Zeromski-na-Jasnej-Gorze-3.png\" alt=\"Zeromski na Jasnej Gorze 2025-zdj\u0119cie nr 3\" width=\"311\" height=\"233\" srcset=\"https:\/\/zeromski.czest.pl\/wp-content\/uploads\/2025\/04\/Zeromski-na-Jasnej-Gorze-3.png 1067w, https:\/\/zeromski.czest.pl\/wp-content\/uploads\/2025\/04\/Zeromski-na-Jasnej-Gorze-3-300x225.png 300w, https:\/\/zeromski.czest.pl\/wp-content\/uploads\/2025\/04\/Zeromski-na-Jasnej-Gorze-3-768x576.png 768w\" sizes=\"auto, (max-width: 311px) 100vw, 311px\" \/><\/a><\/p>\n<p>W sobot\u0119 12 kwietnia odby\u0142a si\u0119 Og\u00f3lnopolska Pielgrzymka Cz\u0142onk\u00f3w i Przyjaci\u00f3\u0142 Towarzystwa Mi\u0142o\u015bnik\u00f3w Lwowa i Kres\u00f3w Po\u0142udniowo \u2013 Wschodnich na Jasn\u0105 G\u00f3r\u0119. Uczniowie klas mundurowych i OPW z naszej szko\u0142y wzi\u0119li udzia\u0142 we mszy \u015bw. w Bazylice Jasnog\u00f3rskiej i apelu poleg\u0142ych na wa\u0142ach jasnog\u00f3rskich pod opiek\u0105 Katarzyny Lenort.<!--more--><\/p>\n<p>Poczet sztandarowy klasa 3d:Folty\u0144ska Dominika, Szyma\u0144ska Nikola, D\u0105browska Julia, Nowak Kacper.<\/p>\n<p>Reprezentanci klasy 3d:Ociepa Joanna, Krzemi\u0144ska Kaja.<\/p>\n<p>Reprezentanci klasy 2c:Bawor Adam, Dzi\u0119bor Kinga, Jeziorowska Nikola, Kasprzycka Natalia, Kubik Mateusz, Kwiatkowska Wiktoria, Machuderski Kacper, Maliszewska Ma\u0142gorzata, Michalak Julia,Purgal Dawid, W\u00f3jcik Roksana.<\/p>\n<p>Reprezentanci klasy 1w:Balas Marcel, Caban Mateusz, Ca\u0142a Marcel, Gorzelak Mateusz, G\u00f3ra Szymon, Oziemb\u0142owski Kacper<\/p>\n\n\t\t<style type=\"text\/css\">\n\t\t\t#gallery-1 {\n\t\t\t\tmargin: auto;\n\t\t\t}\n\t\t\t#gallery-1 .gallery-item {\n\t\t\t\tfloat: left;\n\t\t\t\tmargin-top: 10px;\n\t\t\t\ttext-align: center;\n\t\t\t\twidth: 33%;\n\t\t\t}\n\t\t\t#gallery-1 img {\n\t\t\t\tborder: 2px solid #cfcfcf;\n\t\t\t}\n\t\t\t#gallery-1 .gallery-caption {\n\t\t\t\tmargin-left: 0;\n\t\t\t}\n\t\t\t\/* see gallery_shortcode() in wp-includes\/media.php *\/\n\t\t<\/style>\n\t\t<div id='gallery-1' class='gallery galleryid-20890 gallery-columns-3 gallery-size-thumbnail'><dl class='gallery-item'>\n\t\t\t<dt class='gallery-icon landscape'>\n\t\t\t\t<a href='https:\/\/zeromski.czest.pl\/wp-content\/uploads\/2025\/04\/Zeromski-na-Jasnej-Gorze-1.png' rel=\"lightbox[20890]\"><img loading=\"lazy\" decoding=\"async\" width=\"150\" height=\"150\" src=\"https:\/\/zeromski.czest.pl\/wp-content\/uploads\/2025\/04\/Zeromski-na-Jasnej-Gorze-1-150x150.png\" class=\"attachment-thumbnail size-thumbnail\" alt=\"Zeromski na Jasnej Gorze 2025-zdj\u0119cie nr 1\" \/><\/a>\n\t\t\t<\/dt><\/dl><dl class='gallery-item'>\n\t\t\t<dt class='gallery-icon portrait'>\n\t\t\t\t<a href='https:\/\/zeromski.czest.pl\/wp-content\/uploads\/2025\/04\/Zeromski-na-Jasnej-Gorze-2.png' rel=\"lightbox[20890]\"><img loading=\"lazy\" decoding=\"async\" width=\"150\" height=\"150\" src=\"https:\/\/zeromski.czest.pl\/wp-content\/uploads\/2025\/04\/Zeromski-na-Jasnej-Gorze-2-150x150.png\" class=\"attachment-thumbnail size-thumbnail\" alt=\"Zeromski na Jasnej Gorze 2025-zdj\u0119cie nr 2\" \/><\/a>\n\t\t\t<\/dt><\/dl><dl class='gallery-item'>\n\t\t\t<dt class='gallery-icon portrait'>\n\t\t\t\t<a href='https:\/\/zeromski.czest.pl\/wp-content\/uploads\/2025\/04\/Zeromski-na-Jasnej-Gorze-4.png' rel=\"lightbox[20890]\"><img loading=\"lazy\" decoding=\"async\" width=\"150\" height=\"150\" src=\"https:\/\/zeromski.czest.pl\/wp-content\/uploads\/2025\/04\/Zeromski-na-Jasnej-Gorze-4-150x150.png\" class=\"attachment-thumbnail size-thumbnail\" alt=\"Zeromski na Jasnej Gorze 2025-zdj\u0119cie nr 4\" \/><\/a>\n\t\t\t<\/dt><\/dl><br style=\"clear: both\" \/><dl class='gallery-item'>\n\t\t\t<dt class='gallery-icon landscape'>\n\t\t\t\t<a href='https:\/\/zeromski.czest.pl\/wp-content\/uploads\/2025\/04\/Zeromski-na-Jasnej-Gorze-5.png' rel=\"lightbox[20890]\"><img loading=\"lazy\" decoding=\"async\" width=\"150\" height=\"150\" src=\"https:\/\/zeromski.czest.pl\/wp-content\/uploads\/2025\/04\/Zeromski-na-Jasnej-Gorze-5-150x150.png\" class=\"attachment-thumbnail size-thumbnail\" alt=\"Zeromski na Jasnej Gorze 2025-zdj\u0119cie nr 5\" \/><\/a>\n\t\t\t<\/dt><\/dl><dl class='gallery-item'>\n\t\t\t<dt class='gallery-icon portrait'>\n\t\t\t\t<a href='https:\/\/zeromski.czest.pl\/wp-content\/uploads\/2025\/04\/Zeromski-na-Jasnej-Gorze-6.png' rel=\"lightbox[20890]\"><img loading=\"lazy\" decoding=\"async\" width=\"150\" height=\"150\" src=\"https:\/\/zeromski.czest.pl\/wp-content\/uploads\/2025\/04\/Zeromski-na-Jasnej-Gorze-6-150x150.png\" class=\"attachment-thumbnail size-thumbnail\" alt=\"Zeromski na Jasnej Gorze 2025-zdj\u0119cie nr 6\" \/><\/a>\n\t\t\t<\/dt><\/dl><dl class='gallery-item'>\n\t\t\t<dt class='gallery-icon landscape'>\n\t\t\t\t<a href='https:\/\/zeromski.czest.pl\/wp-content\/uploads\/2025\/04\/Zeromski-na-Jasnej-Gorze-7.png' rel=\"lightbox[20890]\"><img loading=\"lazy\" decoding=\"async\" width=\"150\" height=\"150\" src=\"https:\/\/zeromski.czest.pl\/wp-content\/uploads\/2025\/04\/Zeromski-na-Jasnej-Gorze-7-150x150.png\" class=\"attachment-thumbnail size-thumbnail\" alt=\"Zeromski na Jasnej Gorze 2025-zdj\u0119cie nr 7\" \/><\/a>\n\t\t\t<\/dt><\/dl><br style=\"clear: both\" \/><dl class='gallery-item'>\n\t\t\t<dt class='gallery-icon landscape'>\n\t\t\t\t<a href='https:\/\/zeromski.czest.pl\/wp-content\/uploads\/2025\/04\/Zeromski-na-Jasnej-Gorze-8.png' rel=\"lightbox[20890]\"><img loading=\"lazy\" decoding=\"async\" width=\"150\" height=\"150\" src=\"https:\/\/zeromski.czest.pl\/wp-content\/uploads\/2025\/04\/Zeromski-na-Jasnej-Gorze-8-150x150.png\" class=\"attachment-thumbnail size-thumbnail\" alt=\"Zeromski na Jasnej Gorze 2025-zdj\u0119cie nr 8\" \/><\/a>\n\t\t\t<\/dt><\/dl><dl class='gallery-item'>\n\t\t\t<dt class='gallery-icon portrait'>\n\t\t\t\t<a href='https:\/\/zeromski.czest.pl\/wp-content\/uploads\/2025\/04\/Zeromski-na-Jasnej-Gorze-9.png' rel=\"lightbox[20890]\"><img loading=\"lazy\" decoding=\"async\" width=\"150\" height=\"150\" src=\"https:\/\/zeromski.czest.pl\/wp-content\/uploads\/2025\/04\/Zeromski-na-Jasnej-Gorze-9-150x150.png\" class=\"attachment-thumbnail size-thumbnail\" alt=\"Zeromski na Jasnej Gorze 2025-zdj\u0119cie nr 9\" \/><\/a>\n\t\t\t<\/dt><\/dl><dl class='gallery-item'>\n\t\t\t<dt class='gallery-icon landscape'>\n\t\t\t\t<a href='https:\/\/zeromski.czest.pl\/wp-content\/uploads\/2025\/04\/Zeromski-na-Jasnej-Gorze-10.png' rel=\"lightbox[20890]\"><img loading=\"lazy\" decoding=\"async\" width=\"150\" height=\"150\" src=\"https:\/\/zeromski.czest.pl\/wp-content\/uploads\/2025\/04\/Zeromski-na-Jasnej-Gorze-10-150x150.png\" class=\"attachment-thumbnail size-thumbnail\" alt=\"Zeromski na Jasnej Gorze 2025-zdj\u0119cie nr 10\" \/><\/a>\n\t\t\t<\/dt><\/dl><br style=\"clear: both\" \/><dl class='gallery-item'>\n\t\t\t<dt class='gallery-icon landscape'>\n\t\t\t\t<a href='https:\/\/zeromski.czest.pl\/wp-content\/uploads\/2025\/04\/Zeromski-na-Jasnej-Gorze-11.png' rel=\"lightbox[20890]\"><img loading=\"lazy\" decoding=\"async\" width=\"150\" height=\"150\" src=\"https:\/\/zeromski.czest.pl\/wp-content\/uploads\/2025\/04\/Zeromski-na-Jasnej-Gorze-11-150x150.png\" class=\"attachment-thumbnail size-thumbnail\" alt=\"Zeromski na Jasnej Gorze 2025-zdj\u0119cie nr 11\" \/><\/a>\n\t\t\t<\/dt><\/dl>\n\t\t\t<br style='clear: both' \/>\n\t\t<\/div>\n\n","protected":false},"excerpt":{"rendered":"<p>W sobot\u0119 12 kwietnia odby\u0142a si\u0119 Og\u00f3lnopolska Pielgrzymka Cz\u0142onk\u00f3w i Przyjaci\u00f3\u0142 Towarzystwa Mi\u0142o\u015bnik\u00f3w Lwowa i Kres\u00f3w Po\u0142udniowo \u2013 Wschodnich na Jasn\u0105 G\u00f3r\u0119. Uczniowie klas mundurowych i OPW z naszej szko\u0142y wzi\u0119li udzia\u0142 we mszy \u015bw. w Bazylice Jasnog\u00f3rskiej i apelu &hellip; <a href=\"https:\/\/zeromski.czest.pl\/?p=20890\">Czytaj dalej <span class=\"meta-nav\">&rarr;<\/span><\/a><\/p>\n","protected":false},"author":1,"featured_media":0,"comment_status":"closed","ping_status":"closed","sticky":false,"template":"","format":"standard","meta":{"footnotes":"","_links_to":"","_links_to_target":""},"categories":[14],"tags":[],"class_list":["post-20890","post","type-post","status-publish","format-standard","hentry","category-aktualnosci"],"_links":{"self":[{"href":"https:\/\/zeromski.czest.pl\/index.php?rest_route=\/wp\/v2\/posts\/20890","targetHints":{"allow":["GET"]}}],"collection":[{"href":"https:\/\/zeromski.czest.pl\/index.php?rest_route=\/wp\/v2\/posts"}],"about":[{"href":"https:\/\/zeromski.czest.pl\/index.php?rest_route=\/wp\/v2\/types\/post"}],"author":[{"embeddable":true,"href":"https:\/\/zeromski.czest.pl\/index.php?rest_route=\/wp\/v2\/users\/1"}],"replies":[{"embeddable":true,"href":"https:\/\/zeromski.czest.pl\/index.php?rest_route=%2Fwp%2Fv2%2Fcomments&post=20890"}],"version-history":[{"count":2,"href":"https:\/\/zeromski.czest.pl\/index.php?rest_route=\/wp\/v2\/posts\/20890\/revisions"}],"predecessor-version":[{"id":20903,"href":"https:\/\/zeromski.czest.pl\/index.php?rest_route=\/wp\/v2\/posts\/20890\/revisions\/20903"}],"wp:attachment":[{"href":"https:\/\/zeromski.czest.pl\/index.php?rest_route=%2Fwp%2Fv2%2Fmedia&parent=20890"}],"wp:term":[{"taxonomy":"category","embeddable":true,"href":"https:\/\/zeromski.czest.pl\/index.php?rest_route=%2Fwp%2Fv2%2Fcategories&post=20890"},{"taxonomy":"post_tag","embeddable":true,"href":"https:\/\/zeromski.czest.pl\/index.php?rest_route=%2Fwp%2Fv2%2Ftags&post=20890"}],"curies":[{"name":"wp","href":"https:\/\/api.w.org\/{rel}","templated":true}]}}