{"id":21449,"date":"2025-06-16T10:43:02","date_gmt":"2025-06-16T10:43:02","guid":{"rendered":"https:\/\/zeromski.czest.pl\/?p=21449"},"modified":"2025-06-16T10:50:00","modified_gmt":"2025-06-16T10:50:00","slug":"lekcja-otwarta","status":"publish","type":"post","link":"https:\/\/zeromski.czest.pl\/?p=21449","title":{"rendered":"Lekcja otwarta"},"content":{"rendered":"\n\t\t<style type=\"text\/css\">\n\t\t\t#gallery-1 {\n\t\t\t\tmargin: auto;\n\t\t\t}\n\t\t\t#gallery-1 .gallery-item {\n\t\t\t\tfloat: left;\n\t\t\t\tmargin-top: 10px;\n\t\t\t\ttext-align: center;\n\t\t\t\twidth: 50%;\n\t\t\t}\n\t\t\t#gallery-1 img {\n\t\t\t\tborder: 2px solid #cfcfcf;\n\t\t\t}\n\t\t\t#gallery-1 .gallery-caption {\n\t\t\t\tmargin-left: 0;\n\t\t\t}\n\t\t\t\/* see gallery_shortcode() in wp-includes\/media.php *\/\n\t\t<\/style>\n\t\t<div id='gallery-1' class='gallery galleryid-21449 gallery-columns-2 gallery-size-thumbnail'><dl class='gallery-item'>\n\t\t\t<dt class='gallery-icon portrait'>\n\t\t\t\t<a href='https:\/\/zeromski.czest.pl\/wp-content\/uploads\/2025\/06\/lo1-1.jpeg' rel=\"lightbox[21449]\"><img loading=\"lazy\" decoding=\"async\" width=\"150\" height=\"150\" src=\"https:\/\/zeromski.czest.pl\/wp-content\/uploads\/2025\/06\/lo1-1-150x150.jpeg\" class=\"attachment-thumbnail size-thumbnail\" alt=\"Obserwacja pracy w hotelach i salonach barberskich w Czechach w ramach programu Erasmus Plus-zdj\u0119cie nr 2\" \/><\/a>\n\t\t\t<\/dt><\/dl><dl class='gallery-item'>\n\t\t\t<dt class='gallery-icon portrait'>\n\t\t\t\t<a href='https:\/\/zeromski.czest.pl\/wp-content\/uploads\/2025\/06\/lo1-2.jpeg' rel=\"lightbox[21449]\"><img loading=\"lazy\" decoding=\"async\" width=\"150\" height=\"150\" src=\"https:\/\/zeromski.czest.pl\/wp-content\/uploads\/2025\/06\/lo1-2-150x150.jpeg\" class=\"attachment-thumbnail size-thumbnail\" alt=\"Obserwacja pracy w hotelach i salonach barberskich w Czechach w ramach programu Erasmus Plus-zdj\u0119cie nr 1\" \/><\/a>\n\t\t\t<\/dt><\/dl><br style=\"clear: both\" \/>\n\t\t<\/div>\n\n<p>Dnia 15.05.2025r. nauczycielki \u2013 p. Justyna Kuna Janicka oraz p. Judyta Jagusiak przeprowadzi\u0142y w \u015bwietlicy szkolnej lekcj\u0119 na temat \u201e Obserwacja pracy w hotelach i salonach barberskich w Czechach w ramach programu Erasmus Plus\u201d. W trakcie zaj\u0119\u0107 mia\u0142y okazj\u0119 dzieli\u0107 si\u0119 swoimi obserwacjami i wra\u017ceniami z wyjazdu do Czech, gdzie przebywa\u0142y przez kilka dni w kwietniu tego roku. Wyjazd zorganizowany by\u0142 w ramach programu Erasmus Plus. <!--more-->Za granic\u0105 przygl\u0105da\u0142y si\u0119 organizacji pracy oraz poznawa\u0142y kompetencje os\u00f3b zatrudnionych w hotelach i salonach barberskich. Zwr\u00f3ci\u0142y uwag\u0119 na dynamicznie zmieniaj\u0105cy si\u0119 rynek pracy oraz konieczno\u015b\u0107 umiej\u0119tnego dostosowania si\u0119 do wsp\u00f3\u0142czesnych trend\u00f3w. Obserwacje dotyczy\u0142y zak\u0142ad\u00f3w pracy funkcjonuj\u0105cych w Pradze. Om\u00f3wiono r\u00f3\u017cnice i podobie\u0144stwa istniej\u0105ce poza granicami naszego kraju. Informacje przekazywane ustnie uzupe\u0142ni\u0142y prezentacje multimedialne na temat typ\u00f3w w\u0105s\u00f3w, bak\u00f3w i br\u00f3d m\u0119skich, kompetencji osobistych i spo\u0142ecznych na rynku pracy oraz sprawozdawczej z miejsc obserwacji pracy i okolic, kt\u00f3re zwiedzi\u0142y nauczycielki. Wa\u017cnym elementem spotkania z m\u0142odzie\u017c\u0105 by\u0142o poinformowanie uczni\u00f3w o mo\u017cliwo\u015bci wyjazdu na miesi\u0119czne praktyki zawodowe w ramach programu Erasmus Plus. Warunkiem zakwalifikowania si\u0119 do takiej grupy jest wysoka \u015brednia ocen z przedmiot\u00f3w zawodowych, znajomo\u015b\u0107 j\u0119zyka angielskiego zawodowego oraz pozytywna opinia wychowawcy o uczniu. Warto podnosi\u0107 swoje kompetencje osobiste i spo\u0142eczne na rynku pracy.<\/p>\n<p style=\"text-align: right;\"><em>News przygotowa\u0142a mgr Judyta Jagusiak<\/em><\/p>\n","protected":false},"excerpt":{"rendered":"<p>Dnia 15.05.2025r. nauczycielki \u2013 p. Justyna Kuna Janicka oraz p. Judyta Jagusiak przeprowadzi\u0142y w \u015bwietlicy szkolnej lekcj\u0119 na temat \u201e Obserwacja pracy w hotelach i salonach barberskich w Czechach w ramach programu Erasmus Plus\u201d. W trakcie zaj\u0119\u0107 mia\u0142y okazj\u0119 dzieli\u0107 &hellip; <a href=\"https:\/\/zeromski.czest.pl\/?p=21449\">Czytaj dalej <span class=\"meta-nav\">&rarr;<\/span><\/a><\/p>\n","protected":false},"author":1,"featured_media":0,"comment_status":"closed","ping_status":"closed","sticky":false,"template":"","format":"standard","meta":{"footnotes":"","_links_to":"","_links_to_target":""},"categories":[14],"tags":[],"class_list":["post-21449","post","type-post","status-publish","format-standard","hentry","category-aktualnosci"],"_links":{"self":[{"href":"https:\/\/zeromski.czest.pl\/index.php?rest_route=\/wp\/v2\/posts\/21449","targetHints":{"allow":["GET"]}}],"collection":[{"href":"https:\/\/zeromski.czest.pl\/index.php?rest_route=\/wp\/v2\/posts"}],"about":[{"href":"https:\/\/zeromski.czest.pl\/index.php?rest_route=\/wp\/v2\/types\/post"}],"author":[{"embeddable":true,"href":"https:\/\/zeromski.czest.pl\/index.php?rest_route=\/wp\/v2\/users\/1"}],"replies":[{"embeddable":true,"href":"https:\/\/zeromski.czest.pl\/index.php?rest_route=%2Fwp%2Fv2%2Fcomments&post=21449"}],"version-history":[{"count":3,"href":"https:\/\/zeromski.czest.pl\/index.php?rest_route=\/wp\/v2\/posts\/21449\/revisions"}],"predecessor-version":[{"id":21454,"href":"https:\/\/zeromski.czest.pl\/index.php?rest_route=\/wp\/v2\/posts\/21449\/revisions\/21454"}],"wp:attachment":[{"href":"https:\/\/zeromski.czest.pl\/index.php?rest_route=%2Fwp%2Fv2%2Fmedia&parent=21449"}],"wp:term":[{"taxonomy":"category","embeddable":true,"href":"https:\/\/zeromski.czest.pl\/index.php?rest_route=%2Fwp%2Fv2%2Fcategories&post=21449"},{"taxonomy":"post_tag","embeddable":true,"href":"https:\/\/zeromski.czest.pl\/index.php?rest_route=%2Fwp%2Fv2%2Ftags&post=21449"}],"curies":[{"name":"wp","href":"https:\/\/api.w.org\/{rel}","templated":true}]}}