{"id":21456,"date":"2025-06-16T10:49:05","date_gmt":"2025-06-16T10:49:05","guid":{"rendered":"https:\/\/zeromski.czest.pl\/?p=21456"},"modified":"2025-06-17T15:07:13","modified_gmt":"2025-06-17T15:07:13","slug":"wyroznienie-dla-krzysztofa-w-ogolnopolskim-konkursie","status":"publish","type":"post","link":"https:\/\/zeromski.czest.pl\/?p=21456","title":{"rendered":"Wyr\u00f3\u017cnienie dla Krzysztofa w og\u00f3lnopolskim konkursie"},"content":{"rendered":"<p><a href=\"https:\/\/zeromski.czest.pl\/wp-content\/uploads\/2025\/06\/20250612_122949_-scaled.jpg\" rel=\"lightbox[21456]\"><img loading=\"lazy\" decoding=\"async\" class=\"alignnone wp-image-21458\" src=\"https:\/\/zeromski.czest.pl\/wp-content\/uploads\/2025\/06\/20250612_122949_-scaled.jpg\" alt=\"Galileo 2025\" width=\"535\" height=\"301\" \/><\/a><\/p>\n<p>Mi\u0142o nam poinformowa\u0107, \u017ce Krzysztof ucze\u0144 klasy 3 b, otrzyma\u0142 dyplom wyr\u00f3\u017cnienia w Og\u00f3lnopolskim Konkursie z J\u0119zyka Niemieckiego GALILEO 2025.Organizowany przez Centrum Edukacji Szkolnej (CES) z siedzib\u0105 w Warszawie konkurs odby\u0142 si\u0119 13 marca 2025 roku, wzi\u0119\u0142o w nim udzia\u0142 15 uczennic i uczni\u00f3w naszej szko\u0142y.<!--more--><\/p>\n<p>W kategorii klas trzecich pierwsze miejsce w szkole uzyska\u0142 Krzysztof\u00a0 kl. 3 b (dyplom wyr\u00f3\u017cnienia) drugie miejsce ex aequo zaj\u0119li Kacper , kl. 3 b i Natalia kl. 3 c (dyplom uznania), a trzecie przypad\u0142o Kindze, kl. 3 b (dyplom uznania).<\/p>\n<p>W kategorii klas drugich pierwsze miejsce ex aequo zdoby\u0142y Aleksandra\u00a0 kl. 2 w i Emilia\u00a0 kl. 2 f (dyplom uznania), drugie miejsce &#8211; Klaudia, kl. 2 w (dyplom uznania), a trzecie &#8211; Martyna kl. 2 d (dyplom uznania).<\/p>\n<p>Serdecznie gratulujemy Krzysztofowi i pozosta\u0142ym uczestnikom konkursu!<\/p>\n<p>Nauczyciele j\u0119zyka niemieckiego<\/p>\n<p style=\"text-align: right;\"><em>Notatka i fot.: Joanna Kramer<\/em><\/p>\n","protected":false},"excerpt":{"rendered":"<p>Mi\u0142o nam poinformowa\u0107, \u017ce Krzysztof ucze\u0144 klasy 3 b, otrzyma\u0142 dyplom wyr\u00f3\u017cnienia w Og\u00f3lnopolskim Konkursie z J\u0119zyka Niemieckiego GALILEO 2025.Organizowany przez Centrum Edukacji Szkolnej (CES) z siedzib\u0105 w Warszawie konkurs odby\u0142 si\u0119 13 marca 2025 roku, wzi\u0119\u0142o w nim udzia\u0142 &hellip; <a href=\"https:\/\/zeromski.czest.pl\/?p=21456\">Czytaj dalej <span class=\"meta-nav\">&rarr;<\/span><\/a><\/p>\n","protected":false},"author":1,"featured_media":0,"comment_status":"closed","ping_status":"closed","sticky":false,"template":"","format":"standard","meta":{"footnotes":"","_links_to":"","_links_to_target":""},"categories":[14],"tags":[],"class_list":["post-21456","post","type-post","status-publish","format-standard","hentry","category-aktualnosci"],"_links":{"self":[{"href":"https:\/\/zeromski.czest.pl\/index.php?rest_route=\/wp\/v2\/posts\/21456","targetHints":{"allow":["GET"]}}],"collection":[{"href":"https:\/\/zeromski.czest.pl\/index.php?rest_route=\/wp\/v2\/posts"}],"about":[{"href":"https:\/\/zeromski.czest.pl\/index.php?rest_route=\/wp\/v2\/types\/post"}],"author":[{"embeddable":true,"href":"https:\/\/zeromski.czest.pl\/index.php?rest_route=\/wp\/v2\/users\/1"}],"replies":[{"embeddable":true,"href":"https:\/\/zeromski.czest.pl\/index.php?rest_route=%2Fwp%2Fv2%2Fcomments&post=21456"}],"version-history":[{"count":3,"href":"https:\/\/zeromski.czest.pl\/index.php?rest_route=\/wp\/v2\/posts\/21456\/revisions"}],"predecessor-version":[{"id":21467,"href":"https:\/\/zeromski.czest.pl\/index.php?rest_route=\/wp\/v2\/posts\/21456\/revisions\/21467"}],"wp:attachment":[{"href":"https:\/\/zeromski.czest.pl\/index.php?rest_route=%2Fwp%2Fv2%2Fmedia&parent=21456"}],"wp:term":[{"taxonomy":"category","embeddable":true,"href":"https:\/\/zeromski.czest.pl\/index.php?rest_route=%2Fwp%2Fv2%2Fcategories&post=21456"},{"taxonomy":"post_tag","embeddable":true,"href":"https:\/\/zeromski.czest.pl\/index.php?rest_route=%2Fwp%2Fv2%2Ftags&post=21456"}],"curies":[{"name":"wp","href":"https:\/\/api.w.org\/{rel}","templated":true}]}}