{"id":21461,"date":"2025-06-17T11:50:32","date_gmt":"2025-06-17T11:50:32","guid":{"rendered":"https:\/\/zeromski.czest.pl\/?p=21461"},"modified":"2025-06-17T15:06:15","modified_gmt":"2025-06-17T15:06:15","slug":"sukces-ucznia-naszej-szkoly-w-konkursie-historycznym","status":"publish","type":"post","link":"https:\/\/zeromski.czest.pl\/?p=21461","title":{"rendered":"Sukces ucznia naszej szko\u0142y w konkursie historycznym"},"content":{"rendered":"<p><a href=\"https:\/\/zeromski.czest.pl\/wp-content\/uploads\/2025\/06\/kh2025.jpg\" rel=\"lightbox[21461]\"><img loading=\"lazy\" decoding=\"async\" class=\"wp-image-21463 aligncenter\" src=\"https:\/\/zeromski.czest.pl\/wp-content\/uploads\/2025\/06\/kh2025.jpg\" alt=\"Konkurs historyczny 2025\" width=\"423\" height=\"317\" srcset=\"https:\/\/zeromski.czest.pl\/wp-content\/uploads\/2025\/06\/kh2025.jpg 1200w, https:\/\/zeromski.czest.pl\/wp-content\/uploads\/2025\/06\/kh2025-300x225.jpg 300w, https:\/\/zeromski.czest.pl\/wp-content\/uploads\/2025\/06\/kh2025-1133x850.jpg 1133w, https:\/\/zeromski.czest.pl\/wp-content\/uploads\/2025\/06\/kh2025-768x576.jpg 768w\" sizes=\"auto, (max-width: 423px) 100vw, 423px\" \/><\/a><\/p>\n<p>W dniu 6 czerwca Olaf, ucze\u0144 klasy IId zdoby\u0142 III miejsce w og\u00f3lnopolskim konkursie historycznym organizowanym przez IPN-Krak\u00f3w i Fundacj\u0119 W\u0142odk\u00f3w. Konkurs dotyczy\u0142 historii ziemian polskich w okresie mi\u0119dzywojennym i ich pracy na rzecz lokalnych miejscowo\u015bci. Fina\u0142 odby\u0142 si\u0119 w miejscowo\u015bci pod Krakowem, w dworku szlacheckim nale\u017c\u0105cym do rodziny Jerzego Turowicza. Praca Olafa zostanie opublikowana przez IPN. Laureatowi serdecznie gratulujemy.<\/p>\n<p style=\"text-align: right;\"><em>News przygotowa\u0142a mgr Joanna My\u015blikowska-Kaczmarzyk.<\/em><\/p>\n","protected":false},"excerpt":{"rendered":"<p>W dniu 6 czerwca Olaf, ucze\u0144 klasy IId zdoby\u0142 III miejsce w og\u00f3lnopolskim konkursie historycznym organizowanym przez IPN-Krak\u00f3w i Fundacj\u0119 W\u0142odk\u00f3w. Konkurs dotyczy\u0142 historii ziemian polskich w okresie mi\u0119dzywojennym i ich pracy na rzecz lokalnych miejscowo\u015bci. Fina\u0142 odby\u0142 si\u0119 w &hellip; <a href=\"https:\/\/zeromski.czest.pl\/?p=21461\">Czytaj dalej <span class=\"meta-nav\">&rarr;<\/span><\/a><\/p>\n","protected":false},"author":1,"featured_media":0,"comment_status":"closed","ping_status":"closed","sticky":false,"template":"","format":"standard","meta":{"footnotes":"","_links_to":"","_links_to_target":""},"categories":[14],"tags":[],"class_list":["post-21461","post","type-post","status-publish","format-standard","hentry","category-aktualnosci"],"_links":{"self":[{"href":"https:\/\/zeromski.czest.pl\/index.php?rest_route=\/wp\/v2\/posts\/21461","targetHints":{"allow":["GET"]}}],"collection":[{"href":"https:\/\/zeromski.czest.pl\/index.php?rest_route=\/wp\/v2\/posts"}],"about":[{"href":"https:\/\/zeromski.czest.pl\/index.php?rest_route=\/wp\/v2\/types\/post"}],"author":[{"embeddable":true,"href":"https:\/\/zeromski.czest.pl\/index.php?rest_route=\/wp\/v2\/users\/1"}],"replies":[{"embeddable":true,"href":"https:\/\/zeromski.czest.pl\/index.php?rest_route=%2Fwp%2Fv2%2Fcomments&post=21461"}],"version-history":[{"count":4,"href":"https:\/\/zeromski.czest.pl\/index.php?rest_route=\/wp\/v2\/posts\/21461\/revisions"}],"predecessor-version":[{"id":21466,"href":"https:\/\/zeromski.czest.pl\/index.php?rest_route=\/wp\/v2\/posts\/21461\/revisions\/21466"}],"wp:attachment":[{"href":"https:\/\/zeromski.czest.pl\/index.php?rest_route=%2Fwp%2Fv2%2Fmedia&parent=21461"}],"wp:term":[{"taxonomy":"category","embeddable":true,"href":"https:\/\/zeromski.czest.pl\/index.php?rest_route=%2Fwp%2Fv2%2Fcategories&post=21461"},{"taxonomy":"post_tag","embeddable":true,"href":"https:\/\/zeromski.czest.pl\/index.php?rest_route=%2Fwp%2Fv2%2Ftags&post=21461"}],"curies":[{"name":"wp","href":"https:\/\/api.w.org\/{rel}","templated":true}]}}