{"id":21468,"date":"2025-06-18T06:17:07","date_gmt":"2025-06-18T06:17:07","guid":{"rendered":"https:\/\/zeromski.czest.pl\/?p=21468"},"modified":"2025-06-18T06:17:07","modified_gmt":"2025-06-18T06:17:07","slug":"kolo-turystyczne-w-beskidzie-slaskim-3","status":"publish","type":"post","link":"https:\/\/zeromski.czest.pl\/?p=21468","title":{"rendered":"Ko\u0142o\u00a0turystyczne w Beskidzie \u015al\u0105skim"},"content":{"rendered":"<p><a href=\"https:\/\/zeromski.czest.pl\/wp-content\/uploads\/2025\/06\/5-3.jpg\" rel=\"lightbox[21468]\"><img loading=\"lazy\" decoding=\"async\" class=\"wp-image-21469 aligncenter\" src=\"https:\/\/zeromski.czest.pl\/wp-content\/uploads\/2025\/06\/5-3.jpg\" alt=\"Ko\u0142o turystyczne w Beskidzie \u015al\u0105skim 2025 -zdj\u0119cie nr 1\" width=\"392\" height=\"280\" srcset=\"https:\/\/zeromski.czest.pl\/wp-content\/uploads\/2025\/06\/5-3.jpg 1200w, https:\/\/zeromski.czest.pl\/wp-content\/uploads\/2025\/06\/5-3-300x214.jpg 300w, https:\/\/zeromski.czest.pl\/wp-content\/uploads\/2025\/06\/5-3-1192x850.jpg 1192w, https:\/\/zeromski.czest.pl\/wp-content\/uploads\/2025\/06\/5-3-768x548.jpg 768w\" sizes=\"auto, (max-width: 392px) 100vw, 392px\" \/><\/a><\/p>\n<p>W niedziel\u0119 15 czerwca 12-osobowa grupa turyst\u00f3w z \u017beroma uczestniczy\u0142a w wycieczce pod tytu\u0142em &#8222;Folklor G\u00f3rali Beskidzkich&#8221;. Odwiedzili\u015bmy Chat\u0119 Jana Kawuloka w Istebnej, Centrum Koronkarstwa i Pasterstwa w Koniakowie, skoczni\u0119 w Malince i centrum Wis\u0142y.\u00a0Zobacz na <a href=\"http:\/\/ropttk.cba.pl\/\">http:\/\/ropttk.cba.pl\/<\/a> , gdzie mo\u017cesz wyjecha\u0107 z PTTK w czasie wakacji.<\/p>\n<p style=\"text-align: right;\"><em>News przygotowa\u0142 mgr Marek Klecha.\u00a0<\/em><!--more--><\/p>\n\n\t\t<style type=\"text\/css\">\n\t\t\t#gallery-1 {\n\t\t\t\tmargin: auto;\n\t\t\t}\n\t\t\t#gallery-1 .gallery-item {\n\t\t\t\tfloat: left;\n\t\t\t\tmargin-top: 10px;\n\t\t\t\ttext-align: center;\n\t\t\t\twidth: 50%;\n\t\t\t}\n\t\t\t#gallery-1 img {\n\t\t\t\tborder: 2px solid #cfcfcf;\n\t\t\t}\n\t\t\t#gallery-1 .gallery-caption {\n\t\t\t\tmargin-left: 0;\n\t\t\t}\n\t\t\t\/* see gallery_shortcode() in wp-includes\/media.php *\/\n\t\t<\/style>\n\t\t<div id='gallery-1' class='gallery galleryid-21468 gallery-columns-2 gallery-size-thumbnail'><dl class='gallery-item'>\n\t\t\t<dt class='gallery-icon portrait'>\n\t\t\t\t<a href='https:\/\/zeromski.czest.pl\/wp-content\/uploads\/2025\/06\/4-3.jpg' rel=\"lightbox[21468]\"><img loading=\"lazy\" decoding=\"async\" width=\"150\" height=\"150\" src=\"https:\/\/zeromski.czest.pl\/wp-content\/uploads\/2025\/06\/4-3-150x150.jpg\" class=\"attachment-thumbnail size-thumbnail\" alt=\"Ko\u0142o turystyczne w Beskidzie \u015al\u0105skim 2025 -zdj\u0119cie nr 2\" \/><\/a>\n\t\t\t<\/dt><\/dl><dl class='gallery-item'>\n\t\t\t<dt class='gallery-icon landscape'>\n\t\t\t\t<a href='https:\/\/zeromski.czest.pl\/wp-content\/uploads\/2025\/06\/3-2.jpg' rel=\"lightbox[21468]\"><img loading=\"lazy\" decoding=\"async\" width=\"150\" height=\"150\" src=\"https:\/\/zeromski.czest.pl\/wp-content\/uploads\/2025\/06\/3-2-150x150.jpg\" class=\"attachment-thumbnail size-thumbnail\" alt=\"Ko\u0142o turystyczne w Beskidzie \u015al\u0105skim 2025 -zdj\u0119cie nr 3\" \/><\/a>\n\t\t\t<\/dt><\/dl><br style=\"clear: both\" \/>\n\t\t<\/div>\n\n","protected":false},"excerpt":{"rendered":"<p>W niedziel\u0119 15 czerwca 12-osobowa grupa turyst\u00f3w z \u017beroma uczestniczy\u0142a w wycieczce pod tytu\u0142em &#8222;Folklor G\u00f3rali Beskidzkich&#8221;. Odwiedzili\u015bmy Chat\u0119 Jana Kawuloka w Istebnej, Centrum Koronkarstwa i Pasterstwa w Koniakowie, skoczni\u0119 w Malince i centrum Wis\u0142y.\u00a0Zobacz na http:\/\/ropttk.cba.pl\/ , gdzie mo\u017cesz &hellip; <a href=\"https:\/\/zeromski.czest.pl\/?p=21468\">Czytaj dalej <span class=\"meta-nav\">&rarr;<\/span><\/a><\/p>\n","protected":false},"author":1,"featured_media":0,"comment_status":"closed","ping_status":"closed","sticky":false,"template":"","format":"standard","meta":{"footnotes":"","_links_to":"","_links_to_target":""},"categories":[14],"tags":[],"class_list":["post-21468","post","type-post","status-publish","format-standard","hentry","category-aktualnosci"],"_links":{"self":[{"href":"https:\/\/zeromski.czest.pl\/index.php?rest_route=\/wp\/v2\/posts\/21468","targetHints":{"allow":["GET"]}}],"collection":[{"href":"https:\/\/zeromski.czest.pl\/index.php?rest_route=\/wp\/v2\/posts"}],"about":[{"href":"https:\/\/zeromski.czest.pl\/index.php?rest_route=\/wp\/v2\/types\/post"}],"author":[{"embeddable":true,"href":"https:\/\/zeromski.czest.pl\/index.php?rest_route=\/wp\/v2\/users\/1"}],"replies":[{"embeddable":true,"href":"https:\/\/zeromski.czest.pl\/index.php?rest_route=%2Fwp%2Fv2%2Fcomments&post=21468"}],"version-history":[{"count":1,"href":"https:\/\/zeromski.czest.pl\/index.php?rest_route=\/wp\/v2\/posts\/21468\/revisions"}],"predecessor-version":[{"id":21472,"href":"https:\/\/zeromski.czest.pl\/index.php?rest_route=\/wp\/v2\/posts\/21468\/revisions\/21472"}],"wp:attachment":[{"href":"https:\/\/zeromski.czest.pl\/index.php?rest_route=%2Fwp%2Fv2%2Fmedia&parent=21468"}],"wp:term":[{"taxonomy":"category","embeddable":true,"href":"https:\/\/zeromski.czest.pl\/index.php?rest_route=%2Fwp%2Fv2%2Fcategories&post=21468"},{"taxonomy":"post_tag","embeddable":true,"href":"https:\/\/zeromski.czest.pl\/index.php?rest_route=%2Fwp%2Fv2%2Ftags&post=21468"}],"curies":[{"name":"wp","href":"https:\/\/api.w.org\/{rel}","templated":true}]}}