{"id":21487,"date":"2025-06-23T11:06:46","date_gmt":"2025-06-23T11:06:46","guid":{"rendered":"https:\/\/zeromski.czest.pl\/?p=21487"},"modified":"2025-06-23T11:06:46","modified_gmt":"2025-06-23T11:06:46","slug":"harmonogram-zakonczenia-roku-szkolnego-27-06-2025-piatek","status":"publish","type":"post","link":"https:\/\/zeromski.czest.pl\/?p=21487","title":{"rendered":"Harmonogram zako\u0144czenia roku szkolnego 27.06.2025 (pi\u0105tek)"},"content":{"rendered":"<p><strong>9.00<\/strong> \u2013UROCZYSTO\u015a\u0106 ZAKO\u0143CZENIA ROKU SZKOLNEGO DLA KLAS MUNDUROWYCH- SALA GIMNASTYCZNA<\/p>\n<p style=\"text-align: center;\">ROZDANIE \u015aWIADECTW WG HARMONOGRAMU<\/p>\n<p><strong>GODZINA 9.00<\/strong><\/p>\n<ul>\n<li>KLASA WYCHOWAWCA SALA<\/li>\n<li>KLASA IIA J. KUNA-JANICKA 31<\/li>\n<li>KLASA IIB J. CHMIELARSKA 29<\/li>\n<li>KLASA IID D. KARO\u0143SKA 47<\/li>\n<li>KLASA IIIA S. SUK 34<\/li>\n<li>KLASA IIIB B.SURMACKA 35<\/li>\n<li>KLASA\u00a0 IF\/K R. NOCU\u0143 30<\/li>\n<li>KLASA IG\/H M. ZDA\u0143SKA-SZEWCZYK 37<\/li>\n<li>KLASA IIF M. MALECHA-MACHERZY\u0143SKA 31<\/li>\n<li>KLASA IIH M. GRUCA 50<\/li>\n<li>KLASA IIG E. \u015aLIWAKOWSKA 48<\/li>\n<li>KLASA IIK B. SIMKOWSKA 49<\/li>\n<\/ul>\n<p><strong>\u00a0GODZINA 9.30<\/strong><\/p>\n<ul>\n<li>KLASA WYCHOWAWCA SALA<\/li>\n<li>KLASA IW S. URBANIAK 2<\/li>\n<li>KLASA IIC M.KRZYPKOWSKA-UJMA 46<\/li>\n<li>KLASA IIW Z. PROKOP 29<\/li>\n<li>KLASA IIIC J. CWALINA 30<\/li>\n<li>KLASA IIID J. MY\u015aLIKOWSKA-KACZMARZYK 48<\/li>\n<li>KLASA IIIF K. LENORT 6<\/li>\n<li>KLASA IIIH A. GRUSZKA 34<\/li>\n<li>KLASA IIIU J. PIJET 31<\/li>\n<li>KLASA IIIG\/P M. MAJKRZYK 35<\/li>\n<li>KLASA IIIK \u0141. WI\u015aNIEWSKI 53<\/li>\n<li>KLASA IVF\/H K. SITAK 51<\/li>\n<li>KLASA IVG\/P J. CHMIELARSKA 37<\/li>\n<li>KLASA IV K J. JURA 38<\/li>\n<li>KLASA IM J. KO\u0141ODZIEJ 47<\/li>\n<li>KLASA IIM B. WILCZY\u0143SKA 49<\/li>\n<li>KLASA IIIM M. S\u0104CZEK 50<\/li>\n<li>KLASA IIIR E. RYBAK 36<\/li>\n<\/ul>\n","protected":false},"excerpt":{"rendered":"<p>9.00 \u2013UROCZYSTO\u015a\u0106 ZAKO\u0143CZENIA ROKU SZKOLNEGO DLA KLAS MUNDUROWYCH- SALA GIMNASTYCZNA ROZDANIE \u015aWIADECTW WG HARMONOGRAMU GODZINA 9.00 KLASA WYCHOWAWCA SALA KLASA IIA J. KUNA-JANICKA 31 KLASA IIB J. CHMIELARSKA 29 KLASA IID D. KARO\u0143SKA 47 KLASA IIIA S. SUK 34 KLASA &hellip; <a href=\"https:\/\/zeromski.czest.pl\/?p=21487\">Czytaj dalej <span class=\"meta-nav\">&rarr;<\/span><\/a><\/p>\n","protected":false},"author":1,"featured_media":0,"comment_status":"closed","ping_status":"closed","sticky":false,"template":"","format":"standard","meta":{"footnotes":"","_links_to":"","_links_to_target":""},"categories":[14],"tags":[],"class_list":["post-21487","post","type-post","status-publish","format-standard","hentry","category-aktualnosci"],"_links":{"self":[{"href":"https:\/\/zeromski.czest.pl\/index.php?rest_route=\/wp\/v2\/posts\/21487","targetHints":{"allow":["GET"]}}],"collection":[{"href":"https:\/\/zeromski.czest.pl\/index.php?rest_route=\/wp\/v2\/posts"}],"about":[{"href":"https:\/\/zeromski.czest.pl\/index.php?rest_route=\/wp\/v2\/types\/post"}],"author":[{"embeddable":true,"href":"https:\/\/zeromski.czest.pl\/index.php?rest_route=\/wp\/v2\/users\/1"}],"replies":[{"embeddable":true,"href":"https:\/\/zeromski.czest.pl\/index.php?rest_route=%2Fwp%2Fv2%2Fcomments&post=21487"}],"version-history":[{"count":1,"href":"https:\/\/zeromski.czest.pl\/index.php?rest_route=\/wp\/v2\/posts\/21487\/revisions"}],"predecessor-version":[{"id":21488,"href":"https:\/\/zeromski.czest.pl\/index.php?rest_route=\/wp\/v2\/posts\/21487\/revisions\/21488"}],"wp:attachment":[{"href":"https:\/\/zeromski.czest.pl\/index.php?rest_route=%2Fwp%2Fv2%2Fmedia&parent=21487"}],"wp:term":[{"taxonomy":"category","embeddable":true,"href":"https:\/\/zeromski.czest.pl\/index.php?rest_route=%2Fwp%2Fv2%2Fcategories&post=21487"},{"taxonomy":"post_tag","embeddable":true,"href":"https:\/\/zeromski.czest.pl\/index.php?rest_route=%2Fwp%2Fv2%2Ftags&post=21487"}],"curies":[{"name":"wp","href":"https:\/\/api.w.org\/{rel}","templated":true}]}}