{"id":21831,"date":"2025-09-30T06:29:23","date_gmt":"2025-09-30T06:29:23","guid":{"rendered":"https:\/\/zeromski.czest.pl\/?p=21831"},"modified":"2025-09-30T06:42:20","modified_gmt":"2025-09-30T06:42:20","slug":"tydzien-o-przeciwdzialaniu-przemocy-rowiesniczej","status":"publish","type":"post","link":"https:\/\/zeromski.czest.pl\/?p=21831","title":{"rendered":"Tydzie\u0144 o Przeciwdzia\u0142aniu Przemocy R\u00f3wie\u015bniczej"},"content":{"rendered":"<p><img loading=\"lazy\" decoding=\"async\" class=\"size-full wp-image-21834 aligncenter\" src=\"https:\/\/zeromski.czest.pl\/wp-content\/uploads\/2025\/09\/tydzienoprzeciwdzialaniuprzemocyrowiesniczej2025.png\" alt=\"tydzienoprzeciwdzialaniuprzemocyrowiesniczej2025\" width=\"406\" height=\"539\" srcset=\"https:\/\/zeromski.czest.pl\/wp-content\/uploads\/2025\/09\/tydzienoprzeciwdzialaniuprzemocyrowiesniczej2025.png 406w, https:\/\/zeromski.czest.pl\/wp-content\/uploads\/2025\/09\/tydzienoprzeciwdzialaniuprzemocyrowiesniczej2025-226x300.png 226w\" sizes=\"auto, (max-width: 406px) 100vw, 406px\" \/><\/p>\n<p>W dniach 29 wrze\u015bnia &#8211; 3 pa\u017adziernika 2025 r. odbywa si\u0119 og\u00f3lnopolska inicjatywa Ministerstwa Edukacji Narodowej &#8211; \u201eTydzie\u0144 o Przeciwdzia\u0142aniu Przemocy R\u00f3wie\u015bniczej\u201d, kt\u00f3rej celem jest:<\/p>\n<ul>\n<li>Zwi\u0119kszenie \u015bwiadomo\u015bci na temat r\u00f3\u017cnych form przemocy, w tym przemocy fizycznej, psychicznej oraz cyberprzemocy.<\/li>\n<li>Promowanie postaw opartych na szacunku, empatii i wsp\u00f3\u0142pracy w\u015br\u00f3d uczni\u00f3w oraz ca\u0142ej spo\u0142eczno\u015bci szkolnej.<\/li>\n<li>Tworzenie bezpiecznego i wspieraj\u0105cego \u015brodowiska, w kt\u00f3rym ka\u017cdy ucze\u0144 czuje si\u0119 akceptowany i wa\u017cny.<\/li>\n<\/ul>\n<p>Dzia\u0142ania w ramach Tygodnia<\/p>\n<ul>\n<li><strong>Warsztaty i spotkania<\/strong> dotycz\u0105ce przeciwdzia\u0142ania przemocy, cyberprzemocy i wsparcia<\/li>\n<li><strong>Inicjatywy edukacyjne<\/strong> maj\u0105ce na celu rozwijanie umiej\u0119tno\u015bci radzenia sobie w sytuacjach przemocy.<\/li>\n<li><strong>Poradniki i materia\u0142y edukacyjne<\/strong> przygotowane przez Ministerstwo Edukacji Narodowej i instytucje pomocowe.<\/li>\n<\/ul>\n","protected":false},"excerpt":{"rendered":"<p>W dniach 29 wrze\u015bnia &#8211; 3 pa\u017adziernika 2025 r. odbywa si\u0119 og\u00f3lnopolska inicjatywa Ministerstwa Edukacji Narodowej &#8211; \u201eTydzie\u0144 o Przeciwdzia\u0142aniu Przemocy R\u00f3wie\u015bniczej\u201d, kt\u00f3rej celem jest: Zwi\u0119kszenie \u015bwiadomo\u015bci na temat r\u00f3\u017cnych form przemocy, w tym przemocy fizycznej, psychicznej oraz cyberprzemocy. Promowanie &hellip; <a href=\"https:\/\/zeromski.czest.pl\/?p=21831\">Czytaj dalej <span class=\"meta-nav\">&rarr;<\/span><\/a><\/p>\n","protected":false},"author":1,"featured_media":0,"comment_status":"closed","ping_status":"closed","sticky":false,"template":"","format":"standard","meta":{"footnotes":"","_links_to":"","_links_to_target":""},"categories":[14],"tags":[],"class_list":["post-21831","post","type-post","status-publish","format-standard","hentry","category-aktualnosci"],"_links":{"self":[{"href":"https:\/\/zeromski.czest.pl\/index.php?rest_route=\/wp\/v2\/posts\/21831","targetHints":{"allow":["GET"]}}],"collection":[{"href":"https:\/\/zeromski.czest.pl\/index.php?rest_route=\/wp\/v2\/posts"}],"about":[{"href":"https:\/\/zeromski.czest.pl\/index.php?rest_route=\/wp\/v2\/types\/post"}],"author":[{"embeddable":true,"href":"https:\/\/zeromski.czest.pl\/index.php?rest_route=\/wp\/v2\/users\/1"}],"replies":[{"embeddable":true,"href":"https:\/\/zeromski.czest.pl\/index.php?rest_route=%2Fwp%2Fv2%2Fcomments&post=21831"}],"version-history":[{"count":3,"href":"https:\/\/zeromski.czest.pl\/index.php?rest_route=\/wp\/v2\/posts\/21831\/revisions"}],"predecessor-version":[{"id":21835,"href":"https:\/\/zeromski.czest.pl\/index.php?rest_route=\/wp\/v2\/posts\/21831\/revisions\/21835"}],"wp:attachment":[{"href":"https:\/\/zeromski.czest.pl\/index.php?rest_route=%2Fwp%2Fv2%2Fmedia&parent=21831"}],"wp:term":[{"taxonomy":"category","embeddable":true,"href":"https:\/\/zeromski.czest.pl\/index.php?rest_route=%2Fwp%2Fv2%2Fcategories&post=21831"},{"taxonomy":"post_tag","embeddable":true,"href":"https:\/\/zeromski.czest.pl\/index.php?rest_route=%2Fwp%2Fv2%2Ftags&post=21831"}],"curies":[{"name":"wp","href":"https:\/\/api.w.org\/{rel}","templated":true}]}}