{"id":21837,"date":"2025-10-05T18:25:15","date_gmt":"2025-10-05T18:25:15","guid":{"rendered":"https:\/\/zeromski.czest.pl\/?p=21837"},"modified":"2025-10-05T18:25:15","modified_gmt":"2025-10-05T18:25:15","slug":"wycieczka-w-gory-sowie-i-skalnego-miasta-dwa-dni-pelne-przygod","status":"publish","type":"post","link":"https:\/\/zeromski.czest.pl\/?p=21837","title":{"rendered":"Wycieczka w G\u00f3ry Sowie i Skalnego Miasta \u2013 dwa dni pe\u0142ne przyg\u00f3d!"},"content":{"rendered":"<p><a href=\"https:\/\/zeromski.czest.pl\/wp-content\/uploads\/2025\/10\/gorysowie2025-2-Copy.png\" rel=\"lightbox[21837]\"><img loading=\"lazy\" decoding=\"async\" class=\"wp-image-21839 aligncenter\" src=\"https:\/\/zeromski.czest.pl\/wp-content\/uploads\/2025\/10\/gorysowie2025-2-Copy.png\" alt=\"wycieczkagorysowie2025-zdj\u0119cie nr 2\" width=\"397\" height=\"298\" srcset=\"https:\/\/zeromski.czest.pl\/wp-content\/uploads\/2025\/10\/gorysowie2025-2-Copy.png 1200w, https:\/\/zeromski.czest.pl\/wp-content\/uploads\/2025\/10\/gorysowie2025-2-Copy-300x225.png 300w, https:\/\/zeromski.czest.pl\/wp-content\/uploads\/2025\/10\/gorysowie2025-2-Copy-1133x850.png 1133w, https:\/\/zeromski.czest.pl\/wp-content\/uploads\/2025\/10\/gorysowie2025-2-Copy-768x576.png 768w\" sizes=\"auto, (max-width: 397px) 100vw, 397px\" \/><\/a><\/p>\n<p>W dniach 2-3.10.2025\u00a0uczniowie naszej szko\u0142y wzi\u0119li udzia\u0142 w niezwykle ciekawej dwudniowej wycieczce na pogranicze Polski i Czech. Pierwszego dnia odwiedzili\u015bmy malownicze G\u00f3ry Sowie, gdzie czeka\u0142o na nas wiele atrakcji historycznych i przyrodniczych.<!--more--><\/p>\n<p>Nasz\u0105 przygod\u0119 rozpocz\u0119li\u015bmy od zwiedzania Twierdzy w Srebrnej G\u00f3rze \u2013 imponuj\u0105cej XVIII-wiecznej fortyfikacji, kt\u00f3ra do dzi\u015b robi ogromne wra\u017cenie swoj\u0105 skal\u0105 i histori\u0105. Z przewodnikiem przeszli\u015bmy przez labirynt korytarzy, poznaj\u0105c tajemnice dawnego \u017cycia \u017co\u0142nierzy i obrony granic Prus.<\/p>\n<p>Kolejnym punktem programu by\u0142 podziemny kompleks \u201eRiese\u201d \u2013 jedno z najbardziej zagadkowych miejsc w G\u00f3rach Sowich. W ch\u0142odnych tunelach wys\u0142uchali\u015bmy opowie\u015bci o jego mrocznej historii z czas\u00f3w II wojny \u015bwiatowej, co zrobi\u0142o na wszystkich ogromne wra\u017cenie.<\/p>\n<p>Po dniu pe\u0142nym wra\u017ce\u0144 udali\u015bmy si\u0119 na nocleg, by zebra\u0107 si\u0142y przed kolejn\u0105 atrakcj\u0105 \u2013 Skalnym Miastem w Czechach (Adr\u0161pa\u0161sko-Teplick\u00e9 sk\u00e1ly). Drugiego dnia spacerowali\u015bmy w\u015br\u00f3d niezwyk\u0142ych formacji skalnych, przypominaj\u0105cych postacie, zwierz\u0119ta i bajkowe zamki. Widoki by\u0142y zachwycaj\u0105ce!<\/p>\n<p>Wycieczka by\u0142a nie tylko okazj\u0105 do nauki historii i geografii w terenie, ale te\u017c do wsp\u00f3lnej zabawy i integracji. Zm\u0119czeni, ale szcz\u0119\u015bliwi, wr\u00f3cili\u015bmy z mn\u00f3stwem wspomnie\u0144 i zdj\u0119\u0107, kt\u00f3re jeszcze d\u0142ugo b\u0119d\u0105 przypomina\u0107 nam te dwa dni pe\u0142ne przyg\u00f3d.<\/p>\n<p style=\"text-align: right;\">Justyna Kuna-Janicka<\/p>\n<p style=\"text-align: right;\">Przemys\u0142aw Palutek<\/p>\n<p style=\"text-align: right;\">Barbara Borzechowska-St\u0119pie\u0144<\/p>\n<p style=\"text-align: right;\">Magdalena Krzypkowska-Ujma<\/p>\n\n\t\t<style type=\"text\/css\">\n\t\t\t#gallery-1 {\n\t\t\t\tmargin: auto;\n\t\t\t}\n\t\t\t#gallery-1 .gallery-item {\n\t\t\t\tfloat: left;\n\t\t\t\tmargin-top: 10px;\n\t\t\t\ttext-align: center;\n\t\t\t\twidth: 50%;\n\t\t\t}\n\t\t\t#gallery-1 img {\n\t\t\t\tborder: 2px solid #cfcfcf;\n\t\t\t}\n\t\t\t#gallery-1 .gallery-caption {\n\t\t\t\tmargin-left: 0;\n\t\t\t}\n\t\t\t\/* see gallery_shortcode() in wp-includes\/media.php *\/\n\t\t<\/style>\n\t\t<div id='gallery-1' class='gallery galleryid-21837 gallery-columns-2 gallery-size-thumbnail'><dl class='gallery-item'>\n\t\t\t<dt class='gallery-icon landscape'>\n\t\t\t\t<a href='https:\/\/zeromski.czest.pl\/wp-content\/uploads\/2025\/10\/gorysowie2025-1-Copy.png' rel=\"lightbox[21837]\"><img loading=\"lazy\" decoding=\"async\" width=\"150\" height=\"150\" src=\"https:\/\/zeromski.czest.pl\/wp-content\/uploads\/2025\/10\/gorysowie2025-1-Copy-150x150.png\" class=\"attachment-thumbnail size-thumbnail\" alt=\"wycieczkagorysowie2025-zdj\u0119cie nr 1\" \/><\/a>\n\t\t\t<\/dt><\/dl><dl class='gallery-item'>\n\t\t\t<dt class='gallery-icon portrait'>\n\t\t\t\t<a href='https:\/\/zeromski.czest.pl\/wp-content\/uploads\/2025\/10\/gorysowie2025-3-Copy.png' rel=\"lightbox[21837]\"><img loading=\"lazy\" decoding=\"async\" width=\"150\" height=\"150\" src=\"https:\/\/zeromski.czest.pl\/wp-content\/uploads\/2025\/10\/gorysowie2025-3-Copy-150x150.png\" class=\"attachment-thumbnail size-thumbnail\" alt=\"wycieczkagorysowie2025-zdj\u0119cie nr 3\" \/><\/a>\n\t\t\t<\/dt><\/dl><br style=\"clear: both\" \/><dl class='gallery-item'>\n\t\t\t<dt class='gallery-icon landscape'>\n\t\t\t\t<a href='https:\/\/zeromski.czest.pl\/wp-content\/uploads\/2025\/10\/gorysowie2025-4-Copy.png' rel=\"lightbox[21837]\"><img loading=\"lazy\" decoding=\"async\" width=\"150\" height=\"150\" src=\"https:\/\/zeromski.czest.pl\/wp-content\/uploads\/2025\/10\/gorysowie2025-4-Copy-150x150.png\" class=\"attachment-thumbnail size-thumbnail\" alt=\"wycieczkagorysowie2025-zdj\u0119cie nr 4\" \/><\/a>\n\t\t\t<\/dt><\/dl><dl class='gallery-item'>\n\t\t\t<dt class='gallery-icon landscape'>\n\t\t\t\t<a href='https:\/\/zeromski.czest.pl\/wp-content\/uploads\/2025\/10\/gorysowie2025-5-Copy.png' rel=\"lightbox[21837]\"><img loading=\"lazy\" decoding=\"async\" width=\"150\" height=\"150\" src=\"https:\/\/zeromski.czest.pl\/wp-content\/uploads\/2025\/10\/gorysowie2025-5-Copy-150x150.png\" class=\"attachment-thumbnail size-thumbnail\" alt=\"wycieczkagorysowie2025-zdj\u0119cie nr 5\" \/><\/a>\n\t\t\t<\/dt><\/dl><br style=\"clear: both\" \/>\n\t\t<\/div>\n\n","protected":false},"excerpt":{"rendered":"<p>W dniach 2-3.10.2025\u00a0uczniowie naszej szko\u0142y wzi\u0119li udzia\u0142 w niezwykle ciekawej dwudniowej wycieczce na pogranicze Polski i Czech. Pierwszego dnia odwiedzili\u015bmy malownicze G\u00f3ry Sowie, gdzie czeka\u0142o na nas wiele atrakcji historycznych i przyrodniczych.<\/p>\n","protected":false},"author":1,"featured_media":0,"comment_status":"closed","ping_status":"closed","sticky":false,"template":"","format":"standard","meta":{"footnotes":"","_links_to":"","_links_to_target":""},"categories":[14],"tags":[],"class_list":["post-21837","post","type-post","status-publish","format-standard","hentry","category-aktualnosci"],"_links":{"self":[{"href":"https:\/\/zeromski.czest.pl\/index.php?rest_route=\/wp\/v2\/posts\/21837","targetHints":{"allow":["GET"]}}],"collection":[{"href":"https:\/\/zeromski.czest.pl\/index.php?rest_route=\/wp\/v2\/posts"}],"about":[{"href":"https:\/\/zeromski.czest.pl\/index.php?rest_route=\/wp\/v2\/types\/post"}],"author":[{"embeddable":true,"href":"https:\/\/zeromski.czest.pl\/index.php?rest_route=\/wp\/v2\/users\/1"}],"replies":[{"embeddable":true,"href":"https:\/\/zeromski.czest.pl\/index.php?rest_route=%2Fwp%2Fv2%2Fcomments&post=21837"}],"version-history":[{"count":1,"href":"https:\/\/zeromski.czest.pl\/index.php?rest_route=\/wp\/v2\/posts\/21837\/revisions"}],"predecessor-version":[{"id":21843,"href":"https:\/\/zeromski.czest.pl\/index.php?rest_route=\/wp\/v2\/posts\/21837\/revisions\/21843"}],"wp:attachment":[{"href":"https:\/\/zeromski.czest.pl\/index.php?rest_route=%2Fwp%2Fv2%2Fmedia&parent=21837"}],"wp:term":[{"taxonomy":"category","embeddable":true,"href":"https:\/\/zeromski.czest.pl\/index.php?rest_route=%2Fwp%2Fv2%2Fcategories&post=21837"},{"taxonomy":"post_tag","embeddable":true,"href":"https:\/\/zeromski.czest.pl\/index.php?rest_route=%2Fwp%2Fv2%2Ftags&post=21837"}],"curies":[{"name":"wp","href":"https:\/\/api.w.org\/{rel}","templated":true}]}}