{"id":21854,"date":"2025-10-07T08:27:18","date_gmt":"2025-10-07T08:27:18","guid":{"rendered":"https:\/\/zeromski.czest.pl\/?p=21854"},"modified":"2025-10-07T08:27:18","modified_gmt":"2025-10-07T08:27:18","slug":"slaskie-inwestujemy-w-talenty-plus-ii-edycja","status":"publish","type":"post","link":"https:\/\/zeromski.czest.pl\/?p=21854","title":{"rendered":"\u015al\u0105skie. Inwestujemy w talenty PLUS &#8211; II edycja"},"content":{"rendered":"<p><img loading=\"lazy\" decoding=\"async\" class=\"size-full wp-image-21855 aligncenter\" src=\"https:\/\/zeromski.czest.pl\/wp-content\/uploads\/2025\/10\/slaskieinwestujemywtalenty.png\" alt=\"slaskieinwestujemywtalenty\" width=\"395\" height=\"99\" srcset=\"https:\/\/zeromski.czest.pl\/wp-content\/uploads\/2025\/10\/slaskieinwestujemywtalenty.png 395w, https:\/\/zeromski.czest.pl\/wp-content\/uploads\/2025\/10\/slaskieinwestujemywtalenty-300x75.png 300w\" sizes=\"auto, (max-width: 395px) 100vw, 395px\" \/><\/p>\n<p>Rozpocz\u0105\u0142 si\u0119\u00a0<strong>nab\u00f3r wniosk\u00f3w o przyznanie stypendium<\/strong>\u00a0w ramach projektu \u201e\u015al\u0105skie. Inwestujemy w talenty PLUS &#8211; II edycja\u201d realizowanego przez Wojew\u00f3dztwo \u015al\u0105skie w ramach Programu Fundusze Europejskie dla \u015al\u0105skiego 2021 \u2013 2027.<\/p>\n<p>Stypendia w wysoko\u015bci\u00a0<strong>7 000,00<\/strong> z\u0142\u00a0b\u0119d\u0105 przyznawane uczniom\/uczennicom szk\u00f3\u0142 ponadpodstawowych (tj. lice\u00f3w og\u00f3lnokszta\u0142c\u0105cych, technik\u00f3w i szk\u00f3\u0142 bran\u017cowych I stopnia oraz szk\u00f3\u0142 artystycznych) i pobieraj\u0105cych nauk\u0119 w\u00a0wojew\u00f3dztwie \u015bl\u0105skim, kt\u00f3rzy wykazali si\u0119 wysokimi osi\u0105gni\u0119ciami w nauce oraz znale\u017ali si\u0119 w niekorzystnej sytuacji spo\u0142eczno-ekonomicznej.<!--more--><\/p>\n<p>Zainteresowani b\u0119d\u0105 mogli zdoby\u0107 stypendium na czas trwania zaj\u0119\u0107 dydaktyczno-wychowawczych w\u00a0roku szkolnym 2025\/2026. Stypendia s\u0105 finansowane ze \u015brodk\u00f3w Unii Europejskiej w ramach Europejskiego Funduszu Spo\u0142ecznego Plus, bud\u017cetu pa\u0144stwa oraz bud\u017cetu wojew\u00f3dztwa \u015bl\u0105skiego.<\/p>\n<p>Nab\u00f3r wniosk\u00f3w o przyznanie stypendium prowadzony b\u0119dzie\u00a0do dnia <strong>22 pa\u017adziernika 2025 r.<\/strong><\/p>\n<p>Szczeg\u00f3\u0142owe informacje\u00a0dotycz\u0105ce naboru oraz wymaganej dokumentacji s\u0105 dost\u0119pne na stronie internetowej projektu:\u00a0<a href=\"https:\/\/efs-stypendiaplus.slaskie.pl\/\">https:\/\/efs-stypendiaplus.slaskie.pl\/<\/a><\/p>\n<p>W razie w\u0105tpliwo\u015bci prosz\u0119 o kontakt przez e \u2013 dziennik lub zapraszam do gabinetu wicedyrektor\u00f3w- pok\u00f3j 33<\/p>\n<p>Agnieszka Stolarska<\/p>\n","protected":false},"excerpt":{"rendered":"<p>Rozpocz\u0105\u0142 si\u0119\u00a0nab\u00f3r wniosk\u00f3w o przyznanie stypendium\u00a0w ramach projektu \u201e\u015al\u0105skie. Inwestujemy w talenty PLUS &#8211; II edycja\u201d realizowanego przez Wojew\u00f3dztwo \u015al\u0105skie w ramach Programu Fundusze Europejskie dla \u015al\u0105skiego 2021 \u2013 2027. Stypendia w wysoko\u015bci\u00a07 000,00 z\u0142\u00a0b\u0119d\u0105 przyznawane uczniom\/uczennicom szk\u00f3\u0142 ponadpodstawowych (tj. &hellip; <a href=\"https:\/\/zeromski.czest.pl\/?p=21854\">Czytaj dalej <span class=\"meta-nav\">&rarr;<\/span><\/a><\/p>\n","protected":false},"author":1,"featured_media":0,"comment_status":"closed","ping_status":"closed","sticky":false,"template":"","format":"standard","meta":{"footnotes":"","_links_to":"","_links_to_target":""},"categories":[14],"tags":[],"class_list":["post-21854","post","type-post","status-publish","format-standard","hentry","category-aktualnosci"],"_links":{"self":[{"href":"https:\/\/zeromski.czest.pl\/index.php?rest_route=\/wp\/v2\/posts\/21854","targetHints":{"allow":["GET"]}}],"collection":[{"href":"https:\/\/zeromski.czest.pl\/index.php?rest_route=\/wp\/v2\/posts"}],"about":[{"href":"https:\/\/zeromski.czest.pl\/index.php?rest_route=\/wp\/v2\/types\/post"}],"author":[{"embeddable":true,"href":"https:\/\/zeromski.czest.pl\/index.php?rest_route=\/wp\/v2\/users\/1"}],"replies":[{"embeddable":true,"href":"https:\/\/zeromski.czest.pl\/index.php?rest_route=%2Fwp%2Fv2%2Fcomments&post=21854"}],"version-history":[{"count":1,"href":"https:\/\/zeromski.czest.pl\/index.php?rest_route=\/wp\/v2\/posts\/21854\/revisions"}],"predecessor-version":[{"id":21856,"href":"https:\/\/zeromski.czest.pl\/index.php?rest_route=\/wp\/v2\/posts\/21854\/revisions\/21856"}],"wp:attachment":[{"href":"https:\/\/zeromski.czest.pl\/index.php?rest_route=%2Fwp%2Fv2%2Fmedia&parent=21854"}],"wp:term":[{"taxonomy":"category","embeddable":true,"href":"https:\/\/zeromski.czest.pl\/index.php?rest_route=%2Fwp%2Fv2%2Fcategories&post=21854"},{"taxonomy":"post_tag","embeddable":true,"href":"https:\/\/zeromski.czest.pl\/index.php?rest_route=%2Fwp%2Fv2%2Ftags&post=21854"}],"curies":[{"name":"wp","href":"https:\/\/api.w.org\/{rel}","templated":true}]}}