{"id":21858,"date":"2025-10-08T10:30:16","date_gmt":"2025-10-08T10:30:16","guid":{"rendered":"https:\/\/zeromski.czest.pl\/?p=21858"},"modified":"2025-10-14T09:36:17","modified_gmt":"2025-10-14T09:36:17","slug":"v-bieg-szlakiem-miejsc-pamieci-narodowej","status":"publish","type":"post","link":"https:\/\/zeromski.czest.pl\/?p=21858","title":{"rendered":"V Bieg Szlakiem Miejsc Pami\u0119ci Narodowej"},"content":{"rendered":"<p>Dnia 30.09.2025r. nasza szko\u0142a reprezentowana przez uczni\u00f3w klasy 3c Adriana, Filipa, Marcela i\u00a0Bartosza, wzi\u0119\u0142a udzia\u0142 w V edycji biegu Szlakiem Miejsc Pami\u0119ci Narodowej.\u00a0 Uczniowie musieli wykaza\u0107 si\u0119 dobr\u0105 orientacj\u0105 w terenie, znajomo\u015bci\u0105 historii oraz umiej\u0119tno\u015bciami udzielenia pierwszej pomocy. Dzi\u0119ki wsp\u00f3lnemu wysi\u0142kowi uda\u0142o im si\u0119 upora\u0107 ze wszystkimi wyzwaniami i dotrze\u0107 do mety biegu. Na samym ko\u0144cu wzi\u0119li\u015bmy udzia\u0142 w uroczystym z\u0142o\u017ceniu kwiat\u00f3w na Placu Pami\u0119ci Narodowej pod pomnikiem Poleg\u0142ym w Obronie Ojczyzny 1939-1945.<\/p>\n<p style=\"text-align: right;\">Przygotowa\u0142 Kamil Go\u0142\u0119biowski<\/p>\n","protected":false},"excerpt":{"rendered":"<p>Dnia 30.09.2025r. nasza szko\u0142a reprezentowana przez uczni\u00f3w klasy 3c Adriana, Filipa, Marcela i\u00a0Bartosza, wzi\u0119\u0142a udzia\u0142 w V edycji biegu Szlakiem Miejsc Pami\u0119ci Narodowej.\u00a0 Uczniowie musieli wykaza\u0107 si\u0119 dobr\u0105 orientacj\u0105 w terenie, znajomo\u015bci\u0105 historii oraz umiej\u0119tno\u015bciami udzielenia pierwszej pomocy. Dzi\u0119ki wsp\u00f3lnemu &hellip; <a href=\"https:\/\/zeromski.czest.pl\/?p=21858\">Czytaj dalej <span class=\"meta-nav\">&rarr;<\/span><\/a><\/p>\n","protected":false},"author":1,"featured_media":0,"comment_status":"closed","ping_status":"closed","sticky":false,"template":"","format":"standard","meta":{"footnotes":"","_links_to":"","_links_to_target":""},"categories":[14],"tags":[],"class_list":["post-21858","post","type-post","status-publish","format-standard","hentry","category-aktualnosci"],"_links":{"self":[{"href":"https:\/\/zeromski.czest.pl\/index.php?rest_route=\/wp\/v2\/posts\/21858","targetHints":{"allow":["GET"]}}],"collection":[{"href":"https:\/\/zeromski.czest.pl\/index.php?rest_route=\/wp\/v2\/posts"}],"about":[{"href":"https:\/\/zeromski.czest.pl\/index.php?rest_route=\/wp\/v2\/types\/post"}],"author":[{"embeddable":true,"href":"https:\/\/zeromski.czest.pl\/index.php?rest_route=\/wp\/v2\/users\/1"}],"replies":[{"embeddable":true,"href":"https:\/\/zeromski.czest.pl\/index.php?rest_route=%2Fwp%2Fv2%2Fcomments&post=21858"}],"version-history":[{"count":4,"href":"https:\/\/zeromski.czest.pl\/index.php?rest_route=\/wp\/v2\/posts\/21858\/revisions"}],"predecessor-version":[{"id":21878,"href":"https:\/\/zeromski.czest.pl\/index.php?rest_route=\/wp\/v2\/posts\/21858\/revisions\/21878"}],"wp:attachment":[{"href":"https:\/\/zeromski.czest.pl\/index.php?rest_route=%2Fwp%2Fv2%2Fmedia&parent=21858"}],"wp:term":[{"taxonomy":"category","embeddable":true,"href":"https:\/\/zeromski.czest.pl\/index.php?rest_route=%2Fwp%2Fv2%2Fcategories&post=21858"},{"taxonomy":"post_tag","embeddable":true,"href":"https:\/\/zeromski.czest.pl\/index.php?rest_route=%2Fwp%2Fv2%2Ftags&post=21858"}],"curies":[{"name":"wp","href":"https:\/\/api.w.org\/{rel}","templated":true}]}}