{"id":21863,"date":"2025-10-08T12:42:26","date_gmt":"2025-10-08T12:42:26","guid":{"rendered":"https:\/\/zeromski.czest.pl\/?p=21863"},"modified":"2025-10-08T12:42:26","modified_gmt":"2025-10-08T12:42:26","slug":"rajd-integracyjny-klas-pierwszych","status":"publish","type":"post","link":"https:\/\/zeromski.czest.pl\/?p=21863","title":{"rendered":"Rajd integracyjny klas pierwszych"},"content":{"rendered":"<p>3 pa\u017adziernika uczniowie klas pierwszych liceum, technikum i szko\u0142y bran\u017cowej wzi\u0119li udzia\u0142 w rajdzie integracyjnym z Korwinowa do Olsztyna. Trasa wiod\u0142a malowniczymi le\u015bnymi \u015bcie\u017ckami, a wsp\u00f3lny spacer by\u0142 doskona\u0142\u0105 okazj\u0105 do rozm\u00f3w, poznania si\u0119 i sp\u0119dzenia czasu na \u015bwie\u017cym powietrzu. Na zako\u0144czenie rajdu uczestnicy spotkali si\u0119 przy ognisku z kie\u0142baskami, gdzie nie zabrak\u0142o \u015bmiechu i dobrej zabawy. Jedn\u0105 z atrakcji by\u0142o przeci\u0105ganie liny, kt\u00f3re dostarczy\u0142o wielu emocji i zdrowej rywalizacji. Wycieczka okaza\u0142a si\u0119 udanym pocz\u0105tkiem wsp\u00f3lnej szkolnej przygody i pozwoli\u0142a pierwszoklasistom lepiej si\u0119 zintegrowa\u0107 w mi\u0142ej, nieformalnej atmosferze. Dzi\u0119kujemy opiekunom i uczniom za udzia\u0142 i wspania\u0142y klimat rajdu.<\/p>\n<p style=\"text-align: right;\">Notatk\u0119 przygotowa\u0142a mgr Sylwia Kott<\/p>\n","protected":false},"excerpt":{"rendered":"<p>3 pa\u017adziernika uczniowie klas pierwszych liceum, technikum i szko\u0142y bran\u017cowej wzi\u0119li udzia\u0142 w rajdzie integracyjnym z Korwinowa do Olsztyna. Trasa wiod\u0142a malowniczymi le\u015bnymi \u015bcie\u017ckami, a wsp\u00f3lny spacer by\u0142 doskona\u0142\u0105 okazj\u0105 do rozm\u00f3w, poznania si\u0119 i sp\u0119dzenia czasu na \u015bwie\u017cym powietrzu. &hellip; <a href=\"https:\/\/zeromski.czest.pl\/?p=21863\">Czytaj dalej <span class=\"meta-nav\">&rarr;<\/span><\/a><\/p>\n","protected":false},"author":1,"featured_media":0,"comment_status":"closed","ping_status":"closed","sticky":false,"template":"","format":"standard","meta":{"footnotes":"","_links_to":"","_links_to_target":""},"categories":[14],"tags":[],"class_list":["post-21863","post","type-post","status-publish","format-standard","hentry","category-aktualnosci"],"_links":{"self":[{"href":"https:\/\/zeromski.czest.pl\/index.php?rest_route=\/wp\/v2\/posts\/21863","targetHints":{"allow":["GET"]}}],"collection":[{"href":"https:\/\/zeromski.czest.pl\/index.php?rest_route=\/wp\/v2\/posts"}],"about":[{"href":"https:\/\/zeromski.czest.pl\/index.php?rest_route=\/wp\/v2\/types\/post"}],"author":[{"embeddable":true,"href":"https:\/\/zeromski.czest.pl\/index.php?rest_route=\/wp\/v2\/users\/1"}],"replies":[{"embeddable":true,"href":"https:\/\/zeromski.czest.pl\/index.php?rest_route=%2Fwp%2Fv2%2Fcomments&post=21863"}],"version-history":[{"count":2,"href":"https:\/\/zeromski.czest.pl\/index.php?rest_route=\/wp\/v2\/posts\/21863\/revisions"}],"predecessor-version":[{"id":21865,"href":"https:\/\/zeromski.czest.pl\/index.php?rest_route=\/wp\/v2\/posts\/21863\/revisions\/21865"}],"wp:attachment":[{"href":"https:\/\/zeromski.czest.pl\/index.php?rest_route=%2Fwp%2Fv2%2Fmedia&parent=21863"}],"wp:term":[{"taxonomy":"category","embeddable":true,"href":"https:\/\/zeromski.czest.pl\/index.php?rest_route=%2Fwp%2Fv2%2Fcategories&post=21863"},{"taxonomy":"post_tag","embeddable":true,"href":"https:\/\/zeromski.czest.pl\/index.php?rest_route=%2Fwp%2Fv2%2Ftags&post=21863"}],"curies":[{"name":"wp","href":"https:\/\/api.w.org\/{rel}","templated":true}]}}