{"id":21893,"date":"2025-10-20T06:44:49","date_gmt":"2025-10-20T06:44:49","guid":{"rendered":"https:\/\/zeromski.czest.pl\/?p=21893"},"modified":"2025-10-20T08:20:20","modified_gmt":"2025-10-20T08:20:20","slug":"test-jezykowy-projekcie-erasmus","status":"publish","type":"post","link":"https:\/\/zeromski.czest.pl\/?p=21893","title":{"rendered":"Test j\u0119zykowy projekcie Erasmus+"},"content":{"rendered":"<p><img loading=\"lazy\" decoding=\"async\" class=\"wp-image-20096 aligncenter\" src=\"https:\/\/zeromski.czest.pl\/wp-content\/uploads\/2025\/01\/PL-Dofinansowane-przez-UE_POS.png\" alt=\"Logo Erasmus 2025\" width=\"430\" height=\"82\" srcset=\"https:\/\/zeromski.czest.pl\/wp-content\/uploads\/2025\/01\/PL-Dofinansowane-przez-UE_POS.png 1000w, https:\/\/zeromski.czest.pl\/wp-content\/uploads\/2025\/01\/PL-Dofinansowane-przez-UE_POS-300x57.png 300w, https:\/\/zeromski.czest.pl\/wp-content\/uploads\/2025\/01\/PL-Dofinansowane-przez-UE_POS-768x147.png 768w\" sizes=\"auto, (max-width: 430px) 100vw, 430px\" \/><\/p>\n<p>Dnia 16 pa\u017adziernika 2025r. w naszej szkole odby\u0142 si\u0119 test j\u0119zykowy, b\u0119d\u0105cy jednym z etap\u00f3w rekrutacji do udzia\u0142u w projekcie Erasmus+. Test mia\u0142 na celu ocen\u0119 znajomo\u015bci j\u0119zyka angielskiego uczni\u00f3w, kt\u00f3rzy ubiegaj\u0105 si\u0119 o mo\u017cliwo\u015b\u0107 odbycia praktyk zawodowych za granic\u0105.<!--more--><\/p>\n<p>Zakres testu j\u0119zykowego obejmowa\u0142 leksyk\u0119 bran\u017cow\u0105 charakterystyczn\u0105 dla danego kierunku kszta\u0142cenia oraz zwroty i wyra\u017cenia wykorzystywane w sytuacjach \u017cycia codziennego, co umo\u017cliwia kompleksow\u0105 ocen\u0119 kompetencji j\u0119zykowych kandydat\u00f3w. Znajomo\u015b\u0107 j\u0119zyka obcego jest kluczowa podczas zagranicznych mobilno\u015bci, st\u0105d test stanowi wa\u017cny element ca\u0142ego procesu rekrutacyjnego.<\/p>\n<p>Projekt Erasmus+ daje uczniom szans\u0119 na zdobycie cennego do\u015bwiadczenia zawodowego i kulturowego, dlatego cieszy si\u0119 du\u017cym zainteresowaniem w\u015br\u00f3d m\u0142odzie\u017cy naszej szko\u0142y.<\/p>\n<p style=\"text-align: right;\">Przygotowa\u0142a mgr Agnieszka Pa\u0142yga<\/p>\n","protected":false},"excerpt":{"rendered":"<p>Dnia 16 pa\u017adziernika 2025r. w naszej szkole odby\u0142 si\u0119 test j\u0119zykowy, b\u0119d\u0105cy jednym z etap\u00f3w rekrutacji do udzia\u0142u w projekcie Erasmus+. Test mia\u0142 na celu ocen\u0119 znajomo\u015bci j\u0119zyka angielskiego uczni\u00f3w, kt\u00f3rzy ubiegaj\u0105 si\u0119 o mo\u017cliwo\u015b\u0107 odbycia praktyk zawodowych za granic\u0105.<\/p>\n","protected":false},"author":1,"featured_media":0,"comment_status":"closed","ping_status":"closed","sticky":false,"template":"","format":"standard","meta":{"footnotes":"","_links_to":"","_links_to_target":""},"categories":[14],"tags":[],"class_list":["post-21893","post","type-post","status-publish","format-standard","hentry","category-aktualnosci"],"_links":{"self":[{"href":"https:\/\/zeromski.czest.pl\/index.php?rest_route=\/wp\/v2\/posts\/21893","targetHints":{"allow":["GET"]}}],"collection":[{"href":"https:\/\/zeromski.czest.pl\/index.php?rest_route=\/wp\/v2\/posts"}],"about":[{"href":"https:\/\/zeromski.czest.pl\/index.php?rest_route=\/wp\/v2\/types\/post"}],"author":[{"embeddable":true,"href":"https:\/\/zeromski.czest.pl\/index.php?rest_route=\/wp\/v2\/users\/1"}],"replies":[{"embeddable":true,"href":"https:\/\/zeromski.czest.pl\/index.php?rest_route=%2Fwp%2Fv2%2Fcomments&post=21893"}],"version-history":[{"count":3,"href":"https:\/\/zeromski.czest.pl\/index.php?rest_route=\/wp\/v2\/posts\/21893\/revisions"}],"predecessor-version":[{"id":21898,"href":"https:\/\/zeromski.czest.pl\/index.php?rest_route=\/wp\/v2\/posts\/21893\/revisions\/21898"}],"wp:attachment":[{"href":"https:\/\/zeromski.czest.pl\/index.php?rest_route=%2Fwp%2Fv2%2Fmedia&parent=21893"}],"wp:term":[{"taxonomy":"category","embeddable":true,"href":"https:\/\/zeromski.czest.pl\/index.php?rest_route=%2Fwp%2Fv2%2Fcategories&post=21893"},{"taxonomy":"post_tag","embeddable":true,"href":"https:\/\/zeromski.czest.pl\/index.php?rest_route=%2Fwp%2Fv2%2Ftags&post=21893"}],"curies":[{"name":"wp","href":"https:\/\/api.w.org\/{rel}","templated":true}]}}