{"id":21956,"date":"2025-10-28T07:40:42","date_gmt":"2025-10-28T07:40:42","guid":{"rendered":"https:\/\/zeromski.czest.pl\/?p=21956"},"modified":"2025-10-28T09:19:35","modified_gmt":"2025-10-28T09:19:35","slug":"xxi-kampania-bialych-serc-podsumowanie","status":"publish","type":"post","link":"https:\/\/zeromski.czest.pl\/?p=21956","title":{"rendered":"XXI Kampania Bia\u0142ych Serc-podsumowanie"},"content":{"rendered":"<p><img loading=\"lazy\" decoding=\"async\" class=\"alignnone size-full wp-image-21961 aligncenter\" src=\"https:\/\/zeromski.czest.pl\/wp-content\/uploads\/2025\/10\/kbs2025.png\" alt=\"\" width=\"306\" height=\"229\" srcset=\"https:\/\/zeromski.czest.pl\/wp-content\/uploads\/2025\/10\/kbs2025.png 306w, https:\/\/zeromski.czest.pl\/wp-content\/uploads\/2025\/10\/kbs2025-300x225.png 300w\" sizes=\"auto, (max-width: 306px) 100vw, 306px\" \/><\/p>\n<p>Ka\u017cdego roku \u00a0spo\u0142eczno\u015b\u0107 ZSTiO im. S. \u017beromskiego\u00a0 w Cz\u0119stochowie aktywnie uczestniczy w Kampanii Bia\u0142ych Serc.<\/p>\n<p>16 wrze\u015bnia brali\u015bmy udzia\u0142 w koncercie rapera &#8211; Miros\u0142awa \u00a0Kolczyka, znanego\u00a0 jako \u201eKolah\u201d.Podczas\u00a0 wydarzenia uczniowie mieli okazj\u0119 wys\u0142ucha\u0107 poruszaj\u0105cego \u015bwiadectwa \u017cycia artysty. Opowiada\u0142 on , o swoich do\u015bwiadczeniach z uzale\u017cnieniami, drodze do wolno\u015bci oraz o wyborach, kt\u00f3rych dokonywa\u0142. Spotkanie u\u015bwiadomi\u0142o m\u0142odzie\u017cy, jak \u0142atwo wpa\u015b\u0107 w pu\u0142apk\u0119 na\u0142og\u00f3w i jak wa\u017cne jest podejmowanie \u015bwiadomych decyzji. Jednocze\u015bnie \u201eKolah podkre\u015bla\u0142 warto\u015b\u0107 przyja\u017ani, wspierania si\u0119, radzenia z emocjami.<!--more--><\/p>\n<p>W\u0142\u0105czaj\u0105c si\u0119 w dzia\u0142ania \u00a0Kampanii, w dniu 13 pa\u017adziernika 2025r., \u00a0tradycyjnie przyozdobili\u015bmy szko\u0142\u0119\u00a0 symbolami Kampanii. Pani Paulina Je\u017c i pani Aneta Ciesielska maj\u0105 w tym sw\u00f3j du\u017cy udzia\u0142 \ud83d\ude42 \u00a0Bia\u0142e serduszka, plakaty nie tylko zwraca\u0142y uwag\u0119 na wyj\u0105tkowe wydarzenie, ale dawa\u0142y pow\u00f3d do refleksji, zainteresowania akcj\u0105, kt\u00f3ra w tym roku przebiega\u0142a pod has\u0142em \u201eNie zgubi\u0107 drogi do domu\u201d.<\/p>\n<p><a href=\"https:\/\/zeromski.czest.pl\/wp-content\/uploads\/2025\/10\/ZSTiO-w-Czestochowie-XXI-Kampania-Bialych-Serc.docx\">ZSTiO w Czestochowie XXI Kampania Bia\u0142ych Serc-sprawozdanie<\/a><\/p>\n<p style=\"text-align: right;\">Przygotowa\u0142a mgr Agnieszka Stolarska.<\/p>\n<p>&nbsp;<\/p>\n","protected":false},"excerpt":{"rendered":"<p>Ka\u017cdego roku \u00a0spo\u0142eczno\u015b\u0107 ZSTiO im. S. \u017beromskiego\u00a0 w Cz\u0119stochowie aktywnie uczestniczy w Kampanii Bia\u0142ych Serc. 16 wrze\u015bnia brali\u015bmy udzia\u0142 w koncercie rapera &#8211; Miros\u0142awa \u00a0Kolczyka, znanego\u00a0 jako \u201eKolah\u201d.Podczas\u00a0 wydarzenia uczniowie mieli okazj\u0119 wys\u0142ucha\u0107 poruszaj\u0105cego \u015bwiadectwa \u017cycia artysty. Opowiada\u0142 on , &hellip; <a href=\"https:\/\/zeromski.czest.pl\/?p=21956\">Czytaj dalej <span class=\"meta-nav\">&rarr;<\/span><\/a><\/p>\n","protected":false},"author":1,"featured_media":0,"comment_status":"closed","ping_status":"closed","sticky":false,"template":"","format":"standard","meta":{"footnotes":"","_links_to":"","_links_to_target":""},"categories":[14],"tags":[],"class_list":["post-21956","post","type-post","status-publish","format-standard","hentry","category-aktualnosci"],"_links":{"self":[{"href":"https:\/\/zeromski.czest.pl\/index.php?rest_route=\/wp\/v2\/posts\/21956","targetHints":{"allow":["GET"]}}],"collection":[{"href":"https:\/\/zeromski.czest.pl\/index.php?rest_route=\/wp\/v2\/posts"}],"about":[{"href":"https:\/\/zeromski.czest.pl\/index.php?rest_route=\/wp\/v2\/types\/post"}],"author":[{"embeddable":true,"href":"https:\/\/zeromski.czest.pl\/index.php?rest_route=\/wp\/v2\/users\/1"}],"replies":[{"embeddable":true,"href":"https:\/\/zeromski.czest.pl\/index.php?rest_route=%2Fwp%2Fv2%2Fcomments&post=21956"}],"version-history":[{"count":5,"href":"https:\/\/zeromski.czest.pl\/index.php?rest_route=\/wp\/v2\/posts\/21956\/revisions"}],"predecessor-version":[{"id":21965,"href":"https:\/\/zeromski.czest.pl\/index.php?rest_route=\/wp\/v2\/posts\/21956\/revisions\/21965"}],"wp:attachment":[{"href":"https:\/\/zeromski.czest.pl\/index.php?rest_route=%2Fwp%2Fv2%2Fmedia&parent=21956"}],"wp:term":[{"taxonomy":"category","embeddable":true,"href":"https:\/\/zeromski.czest.pl\/index.php?rest_route=%2Fwp%2Fv2%2Fcategories&post=21956"},{"taxonomy":"post_tag","embeddable":true,"href":"https:\/\/zeromski.czest.pl\/index.php?rest_route=%2Fwp%2Fv2%2Ftags&post=21956"}],"curies":[{"name":"wp","href":"https:\/\/api.w.org\/{rel}","templated":true}]}}