{"id":21972,"date":"2025-11-02T15:46:02","date_gmt":"2025-11-02T15:46:02","guid":{"rendered":"https:\/\/zeromski.czest.pl\/?p=21972"},"modified":"2025-11-02T15:46:19","modified_gmt":"2025-11-02T15:46:19","slug":"zeromski-pamieta-4","status":"publish","type":"post","link":"https:\/\/zeromski.czest.pl\/?p=21972","title":{"rendered":"\u017beromski pami\u0119ta\u2026"},"content":{"rendered":"\n\t\t<style type=\"text\/css\">\n\t\t\t#gallery-1 {\n\t\t\t\tmargin: auto;\n\t\t\t}\n\t\t\t#gallery-1 .gallery-item {\n\t\t\t\tfloat: left;\n\t\t\t\tmargin-top: 10px;\n\t\t\t\ttext-align: center;\n\t\t\t\twidth: 50%;\n\t\t\t}\n\t\t\t#gallery-1 img {\n\t\t\t\tborder: 2px solid #cfcfcf;\n\t\t\t}\n\t\t\t#gallery-1 .gallery-caption {\n\t\t\t\tmargin-left: 0;\n\t\t\t}\n\t\t\t\/* see gallery_shortcode() in wp-includes\/media.php *\/\n\t\t<\/style>\n\t\t<div id='gallery-1' class='gallery galleryid-21972 gallery-columns-2 gallery-size-thumbnail'><dl class='gallery-item'>\n\t\t\t<dt class='gallery-icon portrait'>\n\t\t\t\t<a href='https:\/\/zeromski.czest.pl\/wp-content\/uploads\/2025\/11\/ws1-1.png' rel=\"lightbox[21972]\"><img loading=\"lazy\" decoding=\"async\" width=\"150\" height=\"150\" src=\"https:\/\/zeromski.czest.pl\/wp-content\/uploads\/2025\/11\/ws1-1-150x150.png\" class=\"attachment-thumbnail size-thumbnail\" alt=\"\u017beromski pami\u0119ta 2025-zdjecie nr 1\" \/><\/a>\n\t\t\t<\/dt><\/dl><dl class='gallery-item'>\n\t\t\t<dt class='gallery-icon portrait'>\n\t\t\t\t<a href='https:\/\/zeromski.czest.pl\/wp-content\/uploads\/2025\/11\/ws2025-2-1.png' rel=\"lightbox[21972]\"><img loading=\"lazy\" decoding=\"async\" width=\"150\" height=\"150\" src=\"https:\/\/zeromski.czest.pl\/wp-content\/uploads\/2025\/11\/ws2025-2-1-150x150.png\" class=\"attachment-thumbnail size-thumbnail\" alt=\"\u017beromski pami\u0119ta 2025-zdjecie nr 2\" \/><\/a>\n\t\t\t<\/dt><\/dl><br style=\"clear: both\" \/>\n\t\t<\/div>\n\n<p>Jak co roku przed \u015awi\u0119tem Wszystkich \u015awi\u0119tych spo\u0142eczno\u015b\u0107 \u017beromskiego upami\u0119tni\u0142a swoich zmar\u0142ych nauczycieli, pracownik\u00f3w administracji i obs\u0142ugi zapalaj\u0105c na ich grobach symboliczny znicz. To chwila refleksji, wdzi\u0119czno\u015bci i pami\u0119ci o Tych, kt\u00f3rzy przez lata tworzyli histori\u0119 naszej szko\u0142y.<\/p>\n","protected":false},"excerpt":{"rendered":"<p>Jak co roku przed \u015awi\u0119tem Wszystkich \u015awi\u0119tych spo\u0142eczno\u015b\u0107 \u017beromskiego upami\u0119tni\u0142a swoich zmar\u0142ych nauczycieli, pracownik\u00f3w administracji i obs\u0142ugi zapalaj\u0105c na ich grobach symboliczny znicz. To chwila refleksji, wdzi\u0119czno\u015bci i pami\u0119ci o Tych, kt\u00f3rzy przez lata tworzyli histori\u0119 naszej szko\u0142y.<\/p>\n","protected":false},"author":1,"featured_media":0,"comment_status":"closed","ping_status":"closed","sticky":false,"template":"","format":"standard","meta":{"footnotes":"","_links_to":"","_links_to_target":""},"categories":[14],"tags":[],"class_list":["post-21972","post","type-post","status-publish","format-standard","hentry","category-aktualnosci"],"_links":{"self":[{"href":"https:\/\/zeromski.czest.pl\/index.php?rest_route=\/wp\/v2\/posts\/21972","targetHints":{"allow":["GET"]}}],"collection":[{"href":"https:\/\/zeromski.czest.pl\/index.php?rest_route=\/wp\/v2\/posts"}],"about":[{"href":"https:\/\/zeromski.czest.pl\/index.php?rest_route=\/wp\/v2\/types\/post"}],"author":[{"embeddable":true,"href":"https:\/\/zeromski.czest.pl\/index.php?rest_route=\/wp\/v2\/users\/1"}],"replies":[{"embeddable":true,"href":"https:\/\/zeromski.czest.pl\/index.php?rest_route=%2Fwp%2Fv2%2Fcomments&post=21972"}],"version-history":[{"count":1,"href":"https:\/\/zeromski.czest.pl\/index.php?rest_route=\/wp\/v2\/posts\/21972\/revisions"}],"predecessor-version":[{"id":21975,"href":"https:\/\/zeromski.czest.pl\/index.php?rest_route=\/wp\/v2\/posts\/21972\/revisions\/21975"}],"wp:attachment":[{"href":"https:\/\/zeromski.czest.pl\/index.php?rest_route=%2Fwp%2Fv2%2Fmedia&parent=21972"}],"wp:term":[{"taxonomy":"category","embeddable":true,"href":"https:\/\/zeromski.czest.pl\/index.php?rest_route=%2Fwp%2Fv2%2Fcategories&post=21972"},{"taxonomy":"post_tag","embeddable":true,"href":"https:\/\/zeromski.czest.pl\/index.php?rest_route=%2Fwp%2Fv2%2Ftags&post=21972"}],"curies":[{"name":"wp","href":"https:\/\/api.w.org\/{rel}","templated":true}]}}