{"id":21978,"date":"2025-11-03T08:24:49","date_gmt":"2025-11-03T08:24:49","guid":{"rendered":"https:\/\/zeromski.czest.pl\/?p=21978"},"modified":"2025-11-03T08:24:49","modified_gmt":"2025-11-03T08:24:49","slug":"wycieczka-do-regionu-spreewald","status":"publish","type":"post","link":"https:\/\/zeromski.czest.pl\/?p=21978","title":{"rendered":"Wycieczka do regionu Spreewald"},"content":{"rendered":"<p><a href=\"https:\/\/zeromski.czest.pl\/wp-content\/uploads\/2025\/11\/Wycieczke-do-regionu-Spreewald-zdjecie-nr-1-1-zmniejszony.png\" rel=\"lightbox[21978]\"><img loading=\"lazy\" decoding=\"async\" class=\"wp-image-22006 aligncenter\" src=\"https:\/\/zeromski.czest.pl\/wp-content\/uploads\/2025\/11\/Wycieczke-do-regionu-Spreewald-zdjecie-nr-1-1-zmniejszony.png\" alt=\"Wycieczk\u0119 do regionu Spreewald-zdjecie nr 28\" width=\"166\" height=\"221\" srcset=\"https:\/\/zeromski.czest.pl\/wp-content\/uploads\/2025\/11\/Wycieczke-do-regionu-Spreewald-zdjecie-nr-1-1-zmniejszony.png 800w, https:\/\/zeromski.czest.pl\/wp-content\/uploads\/2025\/11\/Wycieczke-do-regionu-Spreewald-zdjecie-nr-1-1-zmniejszony-225x300.png 225w, https:\/\/zeromski.czest.pl\/wp-content\/uploads\/2025\/11\/Wycieczke-do-regionu-Spreewald-zdjecie-nr-1-1-zmniejszony-637x850.png 637w, https:\/\/zeromski.czest.pl\/wp-content\/uploads\/2025\/11\/Wycieczke-do-regionu-Spreewald-zdjecie-nr-1-1-zmniejszony-768x1024.png 768w\" sizes=\"auto, (max-width: 166px) 100vw, 166px\" \/><\/a><\/p>\n<p>Korzystaj\u0105c z klimatycznej, jesiennej aury, uczniowie naszej szko\u0142y wraz z opiekunkami \u2013 p. Klimczak, p. Malech\u0105-Macherzy\u0144sk\u0105, p. Surmack\u0105 oraz p. Suk \u2013 wybrali si\u0119 na jednodniow\u0105 wycieczk\u0119 do malowniczego regionu Spreewald.<!--more--><\/p>\n<p>Obszar ten s\u0142ynie z licznych kana\u0142\u00f3w rzeki Sprewy, kt\u00f3re tworz\u0105 g\u0119st\u0105 sie\u0107 wodnych szlak\u00f3w przecinaj\u0105cych si\u0119 niczym weneckie uliczki. Podczas wyjazdu m\u0142odzie\u017c mia\u0142a okazj\u0119 pop\u0142yn\u0105\u0107 \u0142odziami odpychanymi przez flisaka \u2013 podobnie jak w gondolach \u2013 podziwiaj\u0105c urokliw\u0105 sceneri\u0119 oraz pi\u0119kno jesiennej przyrody.<\/p>\n<p>Po wodnej przygodzie uczniowie zwiedzili tak\u017ce miasteczko L\u00fcbbenau: jego zabytkowe centrum, rynek, ko\u015bci\u00f3\u0142 \u015bw. Miko\u0142aja oraz kompleks parkowo-pa\u0142acowy. Nie zabrak\u0142o r\u00f3wnie\u017c poznawania lokalnych tradycji \u2013 uczestnicy wycieczki zapoznali si\u0119 z regionalnym specja\u0142em, czyli s\u0142ynnymi spreewaldzkimi og\u00f3rkami kiszonymi.<\/p>\n<p>Wycieczka by\u0142a doskona\u0142\u0105 okazj\u0105 nie tylko do odkrywania nowych miejsc i poznawania kultury naszych zachodnich s\u0105siad\u00f3w, ale tak\u017ce do wsp\u00f3lnej integracji i sp\u0119dzenia czasu w wyj\u0105tkowej, jesiennej atmosferze.<\/p>\n<p style=\"text-align: right;\">Notatk\u0119 sporz\u0105dzi\u0142a mgr Sylwia Suk<\/p>\n\n\t\t<style type=\"text\/css\">\n\t\t\t#gallery-1 {\n\t\t\t\tmargin: auto;\n\t\t\t}\n\t\t\t#gallery-1 .gallery-item {\n\t\t\t\tfloat: left;\n\t\t\t\tmargin-top: 10px;\n\t\t\t\ttext-align: center;\n\t\t\t\twidth: 33%;\n\t\t\t}\n\t\t\t#gallery-1 img {\n\t\t\t\tborder: 2px solid #cfcfcf;\n\t\t\t}\n\t\t\t#gallery-1 .gallery-caption {\n\t\t\t\tmargin-left: 0;\n\t\t\t}\n\t\t\t\/* see gallery_shortcode() in wp-includes\/media.php *\/\n\t\t<\/style>\n\t\t<div id='gallery-1' class='gallery galleryid-21978 gallery-columns-3 gallery-size-thumbnail'><dl class='gallery-item'>\n\t\t\t<dt class='gallery-icon landscape'>\n\t\t\t\t<a href='https:\/\/zeromski.czest.pl\/wp-content\/uploads\/2025\/11\/Wycieczke-do-regionu-Spreewald-zdjecie-nr-1-18-zmniejszony.png' rel=\"lightbox[21978]\"><img loading=\"lazy\" decoding=\"async\" width=\"150\" height=\"150\" src=\"https:\/\/zeromski.czest.pl\/wp-content\/uploads\/2025\/11\/Wycieczke-do-regionu-Spreewald-zdjecie-nr-1-18-zmniejszony-150x150.png\" class=\"attachment-thumbnail size-thumbnail\" alt=\"Wycieczk\u0119 do regionu Spreewald-zdjecie nr 1\" \/><\/a>\n\t\t\t<\/dt><\/dl><dl class='gallery-item'>\n\t\t\t<dt class='gallery-icon portrait'>\n\t\t\t\t<a href='https:\/\/zeromski.czest.pl\/wp-content\/uploads\/2025\/11\/Wycieczke-do-regionu-Spreewald-zdjecie-nr-1-15-zmniejszony.png' rel=\"lightbox[21978]\"><img loading=\"lazy\" decoding=\"async\" width=\"150\" height=\"150\" src=\"https:\/\/zeromski.czest.pl\/wp-content\/uploads\/2025\/11\/Wycieczke-do-regionu-Spreewald-zdjecie-nr-1-15-zmniejszony-150x150.png\" class=\"attachment-thumbnail size-thumbnail\" alt=\"Wycieczk\u0119 do regionu Spreewald-zdjecie nr 2\" \/><\/a>\n\t\t\t<\/dt><\/dl><dl class='gallery-item'>\n\t\t\t<dt class='gallery-icon portrait'>\n\t\t\t\t<a href='https:\/\/zeromski.czest.pl\/wp-content\/uploads\/2025\/11\/Wycieczke-do-regionu-Spreewald-zdjecie-nr-1-16-zmniejszony.png' rel=\"lightbox[21978]\"><img loading=\"lazy\" decoding=\"async\" width=\"150\" height=\"150\" src=\"https:\/\/zeromski.czest.pl\/wp-content\/uploads\/2025\/11\/Wycieczke-do-regionu-Spreewald-zdjecie-nr-1-16-zmniejszony-150x150.png\" class=\"attachment-thumbnail size-thumbnail\" alt=\"Wycieczk\u0119 do regionu Spreewald-zdjecie nr 3\" \/><\/a>\n\t\t\t<\/dt><\/dl><br style=\"clear: both\" \/><dl class='gallery-item'>\n\t\t\t<dt class='gallery-icon portrait'>\n\t\t\t\t<a href='https:\/\/zeromski.czest.pl\/wp-content\/uploads\/2025\/11\/Wycieczke-do-regionu-Spreewald-zdjecie-nr-1-17-zmniejszony.png' rel=\"lightbox[21978]\"><img loading=\"lazy\" decoding=\"async\" width=\"150\" height=\"150\" src=\"https:\/\/zeromski.czest.pl\/wp-content\/uploads\/2025\/11\/Wycieczke-do-regionu-Spreewald-zdjecie-nr-1-17-zmniejszony-150x150.png\" class=\"attachment-thumbnail size-thumbnail\" alt=\"Wycieczk\u0119 do regionu Spreewald-zdjecie nr 4\" \/><\/a>\n\t\t\t<\/dt><\/dl><dl class='gallery-item'>\n\t\t\t<dt class='gallery-icon portrait'>\n\t\t\t\t<a href='https:\/\/zeromski.czest.pl\/wp-content\/uploads\/2025\/11\/Wycieczke-do-regionu-Spreewald-zdjecie-nr-1-12-zmniejszony.png' rel=\"lightbox[21978]\"><img loading=\"lazy\" decoding=\"async\" width=\"150\" height=\"150\" src=\"https:\/\/zeromski.czest.pl\/wp-content\/uploads\/2025\/11\/Wycieczke-do-regionu-Spreewald-zdjecie-nr-1-12-zmniejszony-150x150.png\" class=\"attachment-thumbnail size-thumbnail\" alt=\"Wycieczk\u0119 do regionu Spreewald-zdjecie nr 5\" \/><\/a>\n\t\t\t<\/dt><\/dl><dl class='gallery-item'>\n\t\t\t<dt class='gallery-icon portrait'>\n\t\t\t\t<a href='https:\/\/zeromski.czest.pl\/wp-content\/uploads\/2025\/11\/Wycieczke-do-regionu-Spreewald-zdjecie-nr-1-13-zmniejszony.png' rel=\"lightbox[21978]\"><img loading=\"lazy\" decoding=\"async\" width=\"150\" height=\"150\" src=\"https:\/\/zeromski.czest.pl\/wp-content\/uploads\/2025\/11\/Wycieczke-do-regionu-Spreewald-zdjecie-nr-1-13-zmniejszony-150x150.png\" class=\"attachment-thumbnail size-thumbnail\" alt=\"Wycieczk\u0119 do regionu Spreewald-zdjecie nr 6\" \/><\/a>\n\t\t\t<\/dt><\/dl><br style=\"clear: both\" \/><dl class='gallery-item'>\n\t\t\t<dt class='gallery-icon landscape'>\n\t\t\t\t<a href='https:\/\/zeromski.czest.pl\/wp-content\/uploads\/2025\/11\/Wycieczke-do-regionu-Spreewald-zdjecie-nr-1-14-zmniejszony.png' rel=\"lightbox[21978]\"><img loading=\"lazy\" decoding=\"async\" width=\"150\" height=\"150\" src=\"https:\/\/zeromski.czest.pl\/wp-content\/uploads\/2025\/11\/Wycieczke-do-regionu-Spreewald-zdjecie-nr-1-14-zmniejszony-150x150.png\" class=\"attachment-thumbnail size-thumbnail\" alt=\"Wycieczk\u0119 do regionu Spreewald-zdjecie nr 7\" \/><\/a>\n\t\t\t<\/dt><\/dl><dl class='gallery-item'>\n\t\t\t<dt class='gallery-icon portrait'>\n\t\t\t\t<a href='https:\/\/zeromski.czest.pl\/wp-content\/uploads\/2025\/11\/Wycieczke-do-regionu-Spreewald-zdjecie-nr-1-10-zmniejszony.png' rel=\"lightbox[21978]\"><img loading=\"lazy\" decoding=\"async\" width=\"150\" height=\"150\" src=\"https:\/\/zeromski.czest.pl\/wp-content\/uploads\/2025\/11\/Wycieczke-do-regionu-Spreewald-zdjecie-nr-1-10-zmniejszony-150x150.png\" class=\"attachment-thumbnail size-thumbnail\" alt=\"Wycieczk\u0119 do regionu Spreewald-zdjecie nr 8\" \/><\/a>\n\t\t\t<\/dt><\/dl><dl class='gallery-item'>\n\t\t\t<dt class='gallery-icon portrait'>\n\t\t\t\t<a href='https:\/\/zeromski.czest.pl\/wp-content\/uploads\/2025\/11\/Wycieczke-do-regionu-Spreewald-zdjecie-nr-1-11-zmniejszony.png' rel=\"lightbox[21978]\"><img loading=\"lazy\" decoding=\"async\" width=\"150\" height=\"150\" src=\"https:\/\/zeromski.czest.pl\/wp-content\/uploads\/2025\/11\/Wycieczke-do-regionu-Spreewald-zdjecie-nr-1-11-zmniejszony-150x150.png\" class=\"attachment-thumbnail size-thumbnail\" alt=\"Wycieczk\u0119 do regionu Spreewald-zdjecie nr 9\" \/><\/a>\n\t\t\t<\/dt><\/dl><br style=\"clear: both\" \/><dl class='gallery-item'>\n\t\t\t<dt class='gallery-icon portrait'>\n\t\t\t\t<a href='https:\/\/zeromski.czest.pl\/wp-content\/uploads\/2025\/11\/Wycieczke-do-regionu-Spreewald-zdjecie-nr-1-9-zmniejszony.png' rel=\"lightbox[21978]\"><img loading=\"lazy\" decoding=\"async\" width=\"150\" height=\"150\" src=\"https:\/\/zeromski.czest.pl\/wp-content\/uploads\/2025\/11\/Wycieczke-do-regionu-Spreewald-zdjecie-nr-1-9-zmniejszony-150x150.png\" class=\"attachment-thumbnail size-thumbnail\" alt=\"Wycieczk\u0119 do regionu Spreewald-zdjecie nr 10\" \/><\/a>\n\t\t\t<\/dt><\/dl><dl class='gallery-item'>\n\t\t\t<dt class='gallery-icon portrait'>\n\t\t\t\t<a href='https:\/\/zeromski.czest.pl\/wp-content\/uploads\/2025\/11\/Wycieczke-do-regionu-Spreewald-zdjecie-nr-1-8-zmniejszony.png' rel=\"lightbox[21978]\"><img loading=\"lazy\" decoding=\"async\" width=\"150\" height=\"150\" src=\"https:\/\/zeromski.czest.pl\/wp-content\/uploads\/2025\/11\/Wycieczke-do-regionu-Spreewald-zdjecie-nr-1-8-zmniejszony-150x150.png\" class=\"attachment-thumbnail size-thumbnail\" alt=\"Wycieczk\u0119 do regionu Spreewald-zdjecie nr 11\" \/><\/a>\n\t\t\t<\/dt><\/dl><dl class='gallery-item'>\n\t\t\t<dt class='gallery-icon portrait'>\n\t\t\t\t<a href='https:\/\/zeromski.czest.pl\/wp-content\/uploads\/2025\/11\/Wycieczke-do-regionu-Spreewald-zdjecie-nr-1-7-zmniejszony.png' rel=\"lightbox[21978]\"><img loading=\"lazy\" decoding=\"async\" width=\"150\" height=\"150\" src=\"https:\/\/zeromski.czest.pl\/wp-content\/uploads\/2025\/11\/Wycieczke-do-regionu-Spreewald-zdjecie-nr-1-7-zmniejszony-150x150.png\" class=\"attachment-thumbnail size-thumbnail\" alt=\"Wycieczk\u0119 do regionu Spreewald-zdjecie nr 12\" \/><\/a>\n\t\t\t<\/dt><\/dl><br style=\"clear: both\" \/><dl class='gallery-item'>\n\t\t\t<dt class='gallery-icon portrait'>\n\t\t\t\t<a href='https:\/\/zeromski.czest.pl\/wp-content\/uploads\/2025\/11\/Wycieczke-do-regionu-Spreewald-zdjecie-nr-1-6-zmniejszony.png' rel=\"lightbox[21978]\"><img loading=\"lazy\" decoding=\"async\" width=\"150\" height=\"150\" src=\"https:\/\/zeromski.czest.pl\/wp-content\/uploads\/2025\/11\/Wycieczke-do-regionu-Spreewald-zdjecie-nr-1-6-zmniejszony-150x150.png\" class=\"attachment-thumbnail size-thumbnail\" alt=\"Wycieczk\u0119 do regionu Spreewald-zdjecie nr 13\" \/><\/a>\n\t\t\t<\/dt><\/dl><dl class='gallery-item'>\n\t\t\t<dt class='gallery-icon portrait'>\n\t\t\t\t<a href='https:\/\/zeromski.czest.pl\/wp-content\/uploads\/2025\/11\/Wycieczke-do-regionu-Spreewald-zdjecie-nr-1-5-zmniejszony.png' rel=\"lightbox[21978]\"><img loading=\"lazy\" decoding=\"async\" width=\"150\" height=\"150\" src=\"https:\/\/zeromski.czest.pl\/wp-content\/uploads\/2025\/11\/Wycieczke-do-regionu-Spreewald-zdjecie-nr-1-5-zmniejszony-150x150.png\" class=\"attachment-thumbnail size-thumbnail\" alt=\"Wycieczk\u0119 do regionu Spreewald-zdjecie nr 14\" \/><\/a>\n\t\t\t<\/dt><\/dl><dl class='gallery-item'>\n\t\t\t<dt class='gallery-icon portrait'>\n\t\t\t\t<a href='https:\/\/zeromski.czest.pl\/wp-content\/uploads\/2025\/11\/Wycieczke-do-regionu-Spreewald-zdjecie-nr-1-4-zmniejszony.png' rel=\"lightbox[21978]\"><img loading=\"lazy\" decoding=\"async\" width=\"150\" height=\"150\" src=\"https:\/\/zeromski.czest.pl\/wp-content\/uploads\/2025\/11\/Wycieczke-do-regionu-Spreewald-zdjecie-nr-1-4-zmniejszony-150x150.png\" class=\"attachment-thumbnail size-thumbnail\" alt=\"Wycieczk\u0119 do regionu Spreewald-zdjecie nr 15\" \/><\/a>\n\t\t\t<\/dt><\/dl><br style=\"clear: both\" \/><dl class='gallery-item'>\n\t\t\t<dt class='gallery-icon portrait'>\n\t\t\t\t<a href='https:\/\/zeromski.czest.pl\/wp-content\/uploads\/2025\/11\/Wycieczke-do-regionu-Spreewald-zdjecie-nr-1-3-zmniejszony.png' rel=\"lightbox[21978]\"><img loading=\"lazy\" decoding=\"async\" width=\"150\" height=\"150\" src=\"https:\/\/zeromski.czest.pl\/wp-content\/uploads\/2025\/11\/Wycieczke-do-regionu-Spreewald-zdjecie-nr-1-3-zmniejszony-150x150.png\" class=\"attachment-thumbnail size-thumbnail\" alt=\"Wycieczk\u0119 do regionu Spreewald-zdjecie nr 16\" \/><\/a>\n\t\t\t<\/dt><\/dl><dl class='gallery-item'>\n\t\t\t<dt class='gallery-icon portrait'>\n\t\t\t\t<a href='https:\/\/zeromski.czest.pl\/wp-content\/uploads\/2025\/11\/Wycieczke-do-regionu-Spreewald-zdjecie-nr-1-2-zmniejszony.png' rel=\"lightbox[21978]\"><img loading=\"lazy\" decoding=\"async\" width=\"150\" height=\"150\" src=\"https:\/\/zeromski.czest.pl\/wp-content\/uploads\/2025\/11\/Wycieczke-do-regionu-Spreewald-zdjecie-nr-1-2-zmniejszony-150x150.png\" class=\"attachment-thumbnail size-thumbnail\" alt=\"Wycieczk\u0119 do regionu Spreewald-zdjecie nr 17\" \/><\/a>\n\t\t\t<\/dt><\/dl><dl class='gallery-item'>\n\t\t\t<dt class='gallery-icon portrait'>\n\t\t\t\t<a href='https:\/\/zeromski.czest.pl\/wp-content\/uploads\/2025\/11\/Wycieczke-do-regionu-Spreewald-zdjecie-nr-1-20-zmniejszony.png' rel=\"lightbox[21978]\"><img loading=\"lazy\" decoding=\"async\" width=\"150\" height=\"150\" src=\"https:\/\/zeromski.czest.pl\/wp-content\/uploads\/2025\/11\/Wycieczke-do-regionu-Spreewald-zdjecie-nr-1-20-zmniejszony-150x150.png\" class=\"attachment-thumbnail size-thumbnail\" alt=\"Wycieczk\u0119 do regionu Spreewald-zdjecie nr 18\" \/><\/a>\n\t\t\t<\/dt><\/dl><br style=\"clear: both\" \/><dl class='gallery-item'>\n\t\t\t<dt class='gallery-icon portrait'>\n\t\t\t\t<a href='https:\/\/zeromski.czest.pl\/wp-content\/uploads\/2025\/11\/Wycieczke-do-regionu-Spreewald-zdjecie-nr-1-21-zmniejszony.png' rel=\"lightbox[21978]\"><img loading=\"lazy\" decoding=\"async\" width=\"150\" height=\"150\" src=\"https:\/\/zeromski.czest.pl\/wp-content\/uploads\/2025\/11\/Wycieczke-do-regionu-Spreewald-zdjecie-nr-1-21-zmniejszony-150x150.png\" class=\"attachment-thumbnail size-thumbnail\" alt=\"Wycieczk\u0119 do regionu Spreewald-zdjecie nr 19\" \/><\/a>\n\t\t\t<\/dt><\/dl><dl class='gallery-item'>\n\t\t\t<dt class='gallery-icon landscape'>\n\t\t\t\t<a href='https:\/\/zeromski.czest.pl\/wp-content\/uploads\/2025\/11\/Wycieczke-do-regionu-Spreewald-zdjecie-nr-1-22-zmniejszony.png' rel=\"lightbox[21978]\"><img loading=\"lazy\" decoding=\"async\" width=\"150\" height=\"150\" src=\"https:\/\/zeromski.czest.pl\/wp-content\/uploads\/2025\/11\/Wycieczke-do-regionu-Spreewald-zdjecie-nr-1-22-zmniejszony-150x150.png\" class=\"attachment-thumbnail size-thumbnail\" alt=\"Wycieczk\u0119 do regionu Spreewald-zdjecie nr 20\" \/><\/a>\n\t\t\t<\/dt><\/dl><dl class='gallery-item'>\n\t\t\t<dt class='gallery-icon portrait'>\n\t\t\t\t<a href='https:\/\/zeromski.czest.pl\/wp-content\/uploads\/2025\/11\/Wycieczke-do-regionu-Spreewald-zdjecie-nr-1-23-zmniejszony.png' rel=\"lightbox[21978]\"><img loading=\"lazy\" decoding=\"async\" width=\"150\" height=\"150\" src=\"https:\/\/zeromski.czest.pl\/wp-content\/uploads\/2025\/11\/Wycieczke-do-regionu-Spreewald-zdjecie-nr-1-23-zmniejszony-150x150.png\" class=\"attachment-thumbnail size-thumbnail\" alt=\"Wycieczk\u0119 do regionu Spreewald-zdjecie nr 21\" \/><\/a>\n\t\t\t<\/dt><\/dl><br style=\"clear: both\" \/><dl class='gallery-item'>\n\t\t\t<dt class='gallery-icon landscape'>\n\t\t\t\t<a href='https:\/\/zeromski.czest.pl\/wp-content\/uploads\/2025\/11\/Wycieczke-do-regionu-Spreewald-zdjecie-nr-1-24-zmniejszony.png' rel=\"lightbox[21978]\"><img loading=\"lazy\" decoding=\"async\" width=\"150\" height=\"150\" src=\"https:\/\/zeromski.czest.pl\/wp-content\/uploads\/2025\/11\/Wycieczke-do-regionu-Spreewald-zdjecie-nr-1-24-zmniejszony-150x150.png\" class=\"attachment-thumbnail size-thumbnail\" alt=\"Wycieczk\u0119 do regionu Spreewald-zdjecie nr 22\" \/><\/a>\n\t\t\t<\/dt><\/dl><dl class='gallery-item'>\n\t\t\t<dt class='gallery-icon portrait'>\n\t\t\t\t<a href='https:\/\/zeromski.czest.pl\/wp-content\/uploads\/2025\/11\/Wycieczke-do-regionu-Spreewald-zdjecie-nr-1-25-zmniejszony.png' rel=\"lightbox[21978]\"><img loading=\"lazy\" decoding=\"async\" width=\"150\" height=\"150\" src=\"https:\/\/zeromski.czest.pl\/wp-content\/uploads\/2025\/11\/Wycieczke-do-regionu-Spreewald-zdjecie-nr-1-25-zmniejszony-150x150.png\" class=\"attachment-thumbnail size-thumbnail\" alt=\"Wycieczk\u0119 do regionu Spreewald-zdjecie nr 23\" \/><\/a>\n\t\t\t<\/dt><\/dl><dl class='gallery-item'>\n\t\t\t<dt class='gallery-icon landscape'>\n\t\t\t\t<a href='https:\/\/zeromski.czest.pl\/wp-content\/uploads\/2025\/11\/Wycieczke-do-regionu-Spreewald-zdjecie-nr-1-26-zmniejszony.png' rel=\"lightbox[21978]\"><img loading=\"lazy\" decoding=\"async\" width=\"150\" height=\"150\" src=\"https:\/\/zeromski.czest.pl\/wp-content\/uploads\/2025\/11\/Wycieczke-do-regionu-Spreewald-zdjecie-nr-1-26-zmniejszony-150x150.png\" class=\"attachment-thumbnail size-thumbnail\" alt=\"Wycieczk\u0119 do regionu Spreewald-zdjecie nr 24\" \/><\/a>\n\t\t\t<\/dt><\/dl><br style=\"clear: both\" \/><dl class='gallery-item'>\n\t\t\t<dt class='gallery-icon portrait'>\n\t\t\t\t<a href='https:\/\/zeromski.czest.pl\/wp-content\/uploads\/2025\/11\/Wycieczke-do-regionu-Spreewald-zdjecie-nr-1-27-zmniejszony.png' rel=\"lightbox[21978]\"><img loading=\"lazy\" decoding=\"async\" width=\"150\" height=\"150\" src=\"https:\/\/zeromski.czest.pl\/wp-content\/uploads\/2025\/11\/Wycieczke-do-regionu-Spreewald-zdjecie-nr-1-27-zmniejszony-150x150.png\" class=\"attachment-thumbnail size-thumbnail\" alt=\"Wycieczk\u0119 do regionu Spreewald-zdjecie nr 25\" \/><\/a>\n\t\t\t<\/dt><\/dl><dl class='gallery-item'>\n\t\t\t<dt class='gallery-icon portrait'>\n\t\t\t\t<a href='https:\/\/zeromski.czest.pl\/wp-content\/uploads\/2025\/11\/Wycieczke-do-regionu-Spreewald-zdjecie-nr-1-28-zmniejszony.png' rel=\"lightbox[21978]\"><img loading=\"lazy\" decoding=\"async\" width=\"150\" height=\"150\" src=\"https:\/\/zeromski.czest.pl\/wp-content\/uploads\/2025\/11\/Wycieczke-do-regionu-Spreewald-zdjecie-nr-1-28-zmniejszony-150x150.png\" class=\"attachment-thumbnail size-thumbnail\" alt=\"Wycieczk\u0119 do regionu Spreewald-zdjecie nr 26\" \/><\/a>\n\t\t\t<\/dt><\/dl><dl class='gallery-item'>\n\t\t\t<dt class='gallery-icon landscape'>\n\t\t\t\t<a href='https:\/\/zeromski.czest.pl\/wp-content\/uploads\/2025\/11\/Wycieczke-do-regionu-Spreewald-zdjecie-nr-1-29-zmniejszony.png' rel=\"lightbox[21978]\"><img loading=\"lazy\" decoding=\"async\" width=\"150\" height=\"150\" src=\"https:\/\/zeromski.czest.pl\/wp-content\/uploads\/2025\/11\/Wycieczke-do-regionu-Spreewald-zdjecie-nr-1-29-zmniejszony-150x150.png\" class=\"attachment-thumbnail size-thumbnail\" alt=\"Wycieczk\u0119 do regionu Spreewald-zdjecie nr 27\" \/><\/a>\n\t\t\t<\/dt><\/dl><br style=\"clear: both\" \/><dl class='gallery-item'>\n\t\t\t<dt class='gallery-icon landscape'>\n\t\t\t\t<a href='https:\/\/zeromski.czest.pl\/wp-content\/uploads\/2025\/11\/Wycieczke-do-regionu-Spreewald-zdjecie-nr-1-19-zmniejszony.png' rel=\"lightbox[21978]\"><img loading=\"lazy\" decoding=\"async\" width=\"150\" height=\"150\" src=\"https:\/\/zeromski.czest.pl\/wp-content\/uploads\/2025\/11\/Wycieczke-do-regionu-Spreewald-zdjecie-nr-1-19-zmniejszony-150x150.png\" class=\"attachment-thumbnail size-thumbnail\" alt=\"Wycieczk\u0119 do regionu Spreewald-zdjecie nr 29\" \/><\/a>\n\t\t\t<\/dt><\/dl>\n\t\t\t<br style='clear: both' \/>\n\t\t<\/div>\n\n","protected":false},"excerpt":{"rendered":"<p>Korzystaj\u0105c z klimatycznej, jesiennej aury, uczniowie naszej szko\u0142y wraz z opiekunkami \u2013 p. Klimczak, p. Malech\u0105-Macherzy\u0144sk\u0105, p. Surmack\u0105 oraz p. Suk \u2013 wybrali si\u0119 na jednodniow\u0105 wycieczk\u0119 do malowniczego regionu Spreewald.<\/p>\n","protected":false},"author":1,"featured_media":0,"comment_status":"closed","ping_status":"closed","sticky":false,"template":"","format":"standard","meta":{"footnotes":"","_links_to":"","_links_to_target":""},"categories":[14],"tags":[],"class_list":["post-21978","post","type-post","status-publish","format-standard","hentry","category-aktualnosci"],"_links":{"self":[{"href":"https:\/\/zeromski.czest.pl\/index.php?rest_route=\/wp\/v2\/posts\/21978","targetHints":{"allow":["GET"]}}],"collection":[{"href":"https:\/\/zeromski.czest.pl\/index.php?rest_route=\/wp\/v2\/posts"}],"about":[{"href":"https:\/\/zeromski.czest.pl\/index.php?rest_route=\/wp\/v2\/types\/post"}],"author":[{"embeddable":true,"href":"https:\/\/zeromski.czest.pl\/index.php?rest_route=\/wp\/v2\/users\/1"}],"replies":[{"embeddable":true,"href":"https:\/\/zeromski.czest.pl\/index.php?rest_route=%2Fwp%2Fv2%2Fcomments&post=21978"}],"version-history":[{"count":1,"href":"https:\/\/zeromski.czest.pl\/index.php?rest_route=\/wp\/v2\/posts\/21978\/revisions"}],"predecessor-version":[{"id":22008,"href":"https:\/\/zeromski.czest.pl\/index.php?rest_route=\/wp\/v2\/posts\/21978\/revisions\/22008"}],"wp:attachment":[{"href":"https:\/\/zeromski.czest.pl\/index.php?rest_route=%2Fwp%2Fv2%2Fmedia&parent=21978"}],"wp:term":[{"taxonomy":"category","embeddable":true,"href":"https:\/\/zeromski.czest.pl\/index.php?rest_route=%2Fwp%2Fv2%2Fcategories&post=21978"},{"taxonomy":"post_tag","embeddable":true,"href":"https:\/\/zeromski.czest.pl\/index.php?rest_route=%2Fwp%2Fv2%2Ftags&post=21978"}],"curies":[{"name":"wp","href":"https:\/\/api.w.org\/{rel}","templated":true}]}}