{"id":22015,"date":"2025-11-06T09:08:05","date_gmt":"2025-11-06T09:08:05","guid":{"rendered":"https:\/\/zeromski.czest.pl\/?p=22015"},"modified":"2025-11-06T09:11:19","modified_gmt":"2025-11-06T09:11:19","slug":"rekrutacja-do-programu-erasmus","status":"publish","type":"post","link":"https:\/\/zeromski.czest.pl\/?p=22015","title":{"rendered":"Rekrutacja do programu Erasmus+"},"content":{"rendered":"<p><img loading=\"lazy\" decoding=\"async\" class=\"wp-image-20096 aligncenter\" src=\"https:\/\/zeromski.czest.pl\/wp-content\/uploads\/2025\/01\/PL-Dofinansowane-przez-UE_POS.png\" alt=\"Logo Erasmus 2025\" width=\"430\" height=\"82\" srcset=\"https:\/\/zeromski.czest.pl\/wp-content\/uploads\/2025\/01\/PL-Dofinansowane-przez-UE_POS.png 1000w, https:\/\/zeromski.czest.pl\/wp-content\/uploads\/2025\/01\/PL-Dofinansowane-przez-UE_POS-300x57.png 300w, https:\/\/zeromski.czest.pl\/wp-content\/uploads\/2025\/01\/PL-Dofinansowane-przez-UE_POS-768x147.png 768w\" sizes=\"auto, (max-width: 430px) 100vw, 430px\" \/><\/p>\n<p>Informujemy, \u017ce rekrutacja do programu Erasmus + zosta\u0142a zako\u0144czona. Dzi\u0119kujemy wszystkim kandydatom za z\u0142o\u017cenie zg\u0142osze\u0144, zaanga\u017cowanie i zainteresowanie udzia\u0142em w mi\u0119dzynarodowym projekcie.<\/p>\n<p>W dniu 30 .10. 2025r. komisja rekrutacyjna, na podstawie \u015bredniej ocen z przedmiot\u00f3w zawodowych oraz oceny z zachowania z poprzedniego roku, testu j\u0119zyka angielskiego zawodowego i ankiety w\u0142\u0105czaj\u0105cej, wy\u0142oni\u0142a osoby zakwalifikowane do udzia\u0142u w praktykach zagranicznych (6 uczni\u00f3w z ka\u017cdej IV klasy technikum). Dodatkowo, po dwie osoby z ka\u017cdego kierunku znalaz\u0142y si\u0119 na li\u015bcie rezerwowej.<!--more--><\/p>\n<p>Lista os\u00f3b zakwalifikowanych do programu Erasmus+ zosta\u0142a umieszczona na tablicy informacyjnej przy sali nr 44. Osoby zakwalifikowane otrzymaj\u0105 r\u00f3wnie\u017c szczeg\u00f3\u0142owe informacje dotycz\u0105ce przygotowa\u0144 do wyjazdu i dzia\u0142a\u0144 w ramach projektu przez edziennik.<\/p>\n<p style=\"text-align: right;\">Zakwalifikowanym osobom serdecznie gratulujemy.<\/p>\n<p style=\"text-align: right;\">Zesp\u00f3\u0142 ds. Erasmus+<\/p>\n","protected":false},"excerpt":{"rendered":"<p>Informujemy, \u017ce rekrutacja do programu Erasmus + zosta\u0142a zako\u0144czona. Dzi\u0119kujemy wszystkim kandydatom za z\u0142o\u017cenie zg\u0142osze\u0144, zaanga\u017cowanie i zainteresowanie udzia\u0142em w mi\u0119dzynarodowym projekcie. W dniu 30 .10. 2025r. komisja rekrutacyjna, na podstawie \u015bredniej ocen z przedmiot\u00f3w zawodowych oraz oceny z zachowania &hellip; <a href=\"https:\/\/zeromski.czest.pl\/?p=22015\">Czytaj dalej <span class=\"meta-nav\">&rarr;<\/span><\/a><\/p>\n","protected":false},"author":1,"featured_media":0,"comment_status":"closed","ping_status":"closed","sticky":false,"template":"","format":"standard","meta":{"footnotes":"","_links_to":"","_links_to_target":""},"categories":[14],"tags":[],"class_list":["post-22015","post","type-post","status-publish","format-standard","hentry","category-aktualnosci"],"_links":{"self":[{"href":"https:\/\/zeromski.czest.pl\/index.php?rest_route=\/wp\/v2\/posts\/22015","targetHints":{"allow":["GET"]}}],"collection":[{"href":"https:\/\/zeromski.czest.pl\/index.php?rest_route=\/wp\/v2\/posts"}],"about":[{"href":"https:\/\/zeromski.czest.pl\/index.php?rest_route=\/wp\/v2\/types\/post"}],"author":[{"embeddable":true,"href":"https:\/\/zeromski.czest.pl\/index.php?rest_route=\/wp\/v2\/users\/1"}],"replies":[{"embeddable":true,"href":"https:\/\/zeromski.czest.pl\/index.php?rest_route=%2Fwp%2Fv2%2Fcomments&post=22015"}],"version-history":[{"count":4,"href":"https:\/\/zeromski.czest.pl\/index.php?rest_route=\/wp\/v2\/posts\/22015\/revisions"}],"predecessor-version":[{"id":22019,"href":"https:\/\/zeromski.czest.pl\/index.php?rest_route=\/wp\/v2\/posts\/22015\/revisions\/22019"}],"wp:attachment":[{"href":"https:\/\/zeromski.czest.pl\/index.php?rest_route=%2Fwp%2Fv2%2Fmedia&parent=22015"}],"wp:term":[{"taxonomy":"category","embeddable":true,"href":"https:\/\/zeromski.czest.pl\/index.php?rest_route=%2Fwp%2Fv2%2Fcategories&post=22015"},{"taxonomy":"post_tag","embeddable":true,"href":"https:\/\/zeromski.czest.pl\/index.php?rest_route=%2Fwp%2Fv2%2Ftags&post=22015"}],"curies":[{"name":"wp","href":"https:\/\/api.w.org\/{rel}","templated":true}]}}