{"id":22072,"date":"2025-11-13T06:36:11","date_gmt":"2025-11-13T06:36:11","guid":{"rendered":"https:\/\/zeromski.czest.pl\/?p=22072"},"modified":"2025-11-13T06:36:49","modified_gmt":"2025-11-13T06:36:49","slug":"akademia-z-okazji-107-rocznicy-odzyskania-przez-polske-niepodleglosci","status":"publish","type":"post","link":"https:\/\/zeromski.czest.pl\/?p=22072","title":{"rendered":"Akademia z okazji 107 rocznicy odzyskania przez Polsk\u0119 niepodleg\u0142o\u015bci"},"content":{"rendered":"<p><a href=\"https:\/\/zeromski.czest.pl\/wp-content\/uploads\/2025\/11\/20251107_102700AAAAAAA.jpg\" rel=\"lightbox[22072]\"><img loading=\"lazy\" decoding=\"async\" class=\"wp-image-22057 aligncenter\" src=\"https:\/\/zeromski.czest.pl\/wp-content\/uploads\/2025\/11\/20251107_102700AAAAAAA.jpg\" alt=\"11 listopada 2025-zdj\u0119cie nr 5\" width=\"379\" height=\"379\" srcset=\"https:\/\/zeromski.czest.pl\/wp-content\/uploads\/2025\/11\/20251107_102700AAAAAAA.jpg 1000w, https:\/\/zeromski.czest.pl\/wp-content\/uploads\/2025\/11\/20251107_102700AAAAAAA-300x300.jpg 300w, https:\/\/zeromski.czest.pl\/wp-content\/uploads\/2025\/11\/20251107_102700AAAAAAA-850x850.jpg 850w, https:\/\/zeromski.czest.pl\/wp-content\/uploads\/2025\/11\/20251107_102700AAAAAAA-150x150.jpg 150w, https:\/\/zeromski.czest.pl\/wp-content\/uploads\/2025\/11\/20251107_102700AAAAAAA-768x768.jpg 768w\" sizes=\"auto, (max-width: 379px) 100vw, 379px\" \/><\/a><\/p>\n<p>Dnia 7 listopada 2025 roku, w naszej szkole odby\u0142a si\u0119 uroczysta akademia z okazji 107 rocznicy odzyskania przez Polsk\u0119 niepodleg\u0142o\u015bci. Celem wydarzenia by\u0142o uczczenie pami\u0119ci tych, kt\u00f3rzy walczyli o wolno\u015b\u0107 Ojczyzny, oraz przypomnienie drogi Polak\u00f3w do niepodleg\u0142o\u015bci po 123 latach zabor\u00f3w.<!--more--><\/p>\n<p>Uroczysto\u015b\u0107 rozpocz\u0119\u0142a si\u0119 od wprowadzenia pocztu sztandarowego i wsp\u00f3lnego od\u015bpiewania hymnu. Dzi\u0119ki przygotowanej akademii uczniowie mieli okazj\u0119 nie tylko pog\u0142\u0119bi\u0107 swoj\u0105 wiedz\u0119 historyczn\u0105, ale r\u00f3wnie\u017c wyrazi\u0107 szacunek wobec przesz\u0142o\u015bci i dum\u0119 z Polski. Nast\u0119pnie g\u0142os zabra\u0142a pani Dyrektor, kt\u00f3ra podkre\u015bli\u0142a znaczenie patriotyzmu w codziennym \u017cyciu m\u0142odych ludzi. Na zakonczenie o godzinie 11.11 ca\u0142a szko\u0142a od\u015bpiewa\u0142a hymn pa\u0144stwowy.<br \/>\nObchody \u015awi\u0119ta Niepodleg\u0142o\u015bci by\u0142y wa\u017cnym i wzruszaj\u0105cym wydarzeniem w \u017cyciu naszej spo\u0142eczno\u015bci szkolnej.<\/p>\n<p style=\"text-align: right;\">News przygotowa\u0142a Magdalena Krzypkowska-Ujma<\/p>\n\n\t\t<style type=\"text\/css\">\n\t\t\t#gallery-1 {\n\t\t\t\tmargin: auto;\n\t\t\t}\n\t\t\t#gallery-1 .gallery-item {\n\t\t\t\tfloat: left;\n\t\t\t\tmargin-top: 10px;\n\t\t\t\ttext-align: center;\n\t\t\t\twidth: 33%;\n\t\t\t}\n\t\t\t#gallery-1 img {\n\t\t\t\tborder: 2px solid #cfcfcf;\n\t\t\t}\n\t\t\t#gallery-1 .gallery-caption {\n\t\t\t\tmargin-left: 0;\n\t\t\t}\n\t\t\t\/* see gallery_shortcode() in wp-includes\/media.php *\/\n\t\t<\/style>\n\t\t<div id='gallery-1' class='gallery galleryid-22072 gallery-columns-3 gallery-size-thumbnail'><dl class='gallery-item'>\n\t\t\t<dt class='gallery-icon portrait'>\n\t\t\t\t<a href='https:\/\/zeromski.czest.pl\/wp-content\/uploads\/2025\/11\/11-listopada2025-20-Copy.jpg' rel=\"lightbox[22072]\"><img loading=\"lazy\" decoding=\"async\" width=\"150\" height=\"150\" src=\"https:\/\/zeromski.czest.pl\/wp-content\/uploads\/2025\/11\/11-listopada2025-20-Copy-150x150.jpg\" class=\"attachment-thumbnail size-thumbnail\" alt=\"11 listopada 2025-zdj\u0119cie nr 21\" \/><\/a>\n\t\t\t<\/dt><\/dl><dl class='gallery-item'>\n\t\t\t<dt class='gallery-icon landscape'>\n\t\t\t\t<a href='https:\/\/zeromski.czest.pl\/wp-content\/uploads\/2025\/11\/11-listopada2025-16-Copy.jpg' rel=\"lightbox[22072]\"><img loading=\"lazy\" decoding=\"async\" width=\"150\" height=\"150\" src=\"https:\/\/zeromski.czest.pl\/wp-content\/uploads\/2025\/11\/11-listopada2025-16-Copy-150x150.jpg\" class=\"attachment-thumbnail size-thumbnail\" alt=\"11 listopada 2025-zdj\u0119cie nr 20\" \/><\/a>\n\t\t\t<\/dt><\/dl><dl class='gallery-item'>\n\t\t\t<dt class='gallery-icon landscape'>\n\t\t\t\t<a href='https:\/\/zeromski.czest.pl\/wp-content\/uploads\/2025\/11\/11-listopada2025-15-Copy.jpg' rel=\"lightbox[22072]\"><img loading=\"lazy\" decoding=\"async\" width=\"150\" height=\"150\" src=\"https:\/\/zeromski.czest.pl\/wp-content\/uploads\/2025\/11\/11-listopada2025-15-Copy-150x150.jpg\" class=\"attachment-thumbnail size-thumbnail\" alt=\"11 listopada 2025-zdj\u0119cie nr 19\" \/><\/a>\n\t\t\t<\/dt><\/dl><br style=\"clear: both\" \/><dl class='gallery-item'>\n\t\t\t<dt class='gallery-icon portrait'>\n\t\t\t\t<a href='https:\/\/zeromski.czest.pl\/wp-content\/uploads\/2025\/11\/11-listopada2025-14-Copy.jpg' rel=\"lightbox[22072]\"><img loading=\"lazy\" decoding=\"async\" width=\"150\" height=\"150\" src=\"https:\/\/zeromski.czest.pl\/wp-content\/uploads\/2025\/11\/11-listopada2025-14-Copy-150x150.jpg\" class=\"attachment-thumbnail size-thumbnail\" alt=\"11 listopada 2025-zdj\u0119cie nr 18\" \/><\/a>\n\t\t\t<\/dt><\/dl><dl class='gallery-item'>\n\t\t\t<dt class='gallery-icon portrait'>\n\t\t\t\t<a href='https:\/\/zeromski.czest.pl\/wp-content\/uploads\/2025\/11\/11-listopada2025-13-Copy.jpg' rel=\"lightbox[22072]\"><img loading=\"lazy\" decoding=\"async\" width=\"150\" height=\"150\" src=\"https:\/\/zeromski.czest.pl\/wp-content\/uploads\/2025\/11\/11-listopada2025-13-Copy-150x150.jpg\" class=\"attachment-thumbnail size-thumbnail\" alt=\"11 listopada 2025-zdj\u0119cie nr 17\" \/><\/a>\n\t\t\t<\/dt><\/dl><dl class='gallery-item'>\n\t\t\t<dt class='gallery-icon landscape'>\n\t\t\t\t<a href='https:\/\/zeromski.czest.pl\/wp-content\/uploads\/2025\/11\/11-listopada2025-12-Copy.jpg' rel=\"lightbox[22072]\"><img loading=\"lazy\" decoding=\"async\" width=\"150\" height=\"150\" src=\"https:\/\/zeromski.czest.pl\/wp-content\/uploads\/2025\/11\/11-listopada2025-12-Copy-150x150.jpg\" class=\"attachment-thumbnail size-thumbnail\" alt=\"11 listopada 2025-zdj\u0119cie nr 16\" \/><\/a>\n\t\t\t<\/dt><\/dl><br style=\"clear: both\" \/><dl class='gallery-item'>\n\t\t\t<dt class='gallery-icon landscape'>\n\t\t\t\t<a href='https:\/\/zeromski.czest.pl\/wp-content\/uploads\/2025\/11\/11-listopada2025-11-Copy.jpg' rel=\"lightbox[22072]\"><img loading=\"lazy\" decoding=\"async\" width=\"150\" height=\"150\" src=\"https:\/\/zeromski.czest.pl\/wp-content\/uploads\/2025\/11\/11-listopada2025-11-Copy-150x150.jpg\" class=\"attachment-thumbnail size-thumbnail\" alt=\"11 listopada 2025-zdj\u0119cie nr 15\" \/><\/a>\n\t\t\t<\/dt><\/dl><dl class='gallery-item'>\n\t\t\t<dt class='gallery-icon landscape'>\n\t\t\t\t<a href='https:\/\/zeromski.czest.pl\/wp-content\/uploads\/2025\/11\/11-listopada2025-10-Copy.jpg' rel=\"lightbox[22072]\"><img loading=\"lazy\" decoding=\"async\" width=\"150\" height=\"150\" src=\"https:\/\/zeromski.czest.pl\/wp-content\/uploads\/2025\/11\/11-listopada2025-10-Copy-150x150.jpg\" class=\"attachment-thumbnail size-thumbnail\" alt=\"11 listopada 2025-zdj\u0119cie nr 14\" srcset=\"https:\/\/zeromski.czest.pl\/wp-content\/uploads\/2025\/11\/11-listopada2025-10-Copy-150x150.jpg 150w, https:\/\/zeromski.czest.pl\/wp-content\/uploads\/2025\/11\/11-listopada2025-10-Copy-300x300.jpg 300w, https:\/\/zeromski.czest.pl\/wp-content\/uploads\/2025\/11\/11-listopada2025-10-Copy-850x850.jpg 850w, https:\/\/zeromski.czest.pl\/wp-content\/uploads\/2025\/11\/11-listopada2025-10-Copy-768x768.jpg 768w, https:\/\/zeromski.czest.pl\/wp-content\/uploads\/2025\/11\/11-listopada2025-10-Copy.jpg 900w\" sizes=\"auto, (max-width: 150px) 100vw, 150px\" \/><\/a>\n\t\t\t<\/dt><\/dl><dl class='gallery-item'>\n\t\t\t<dt class='gallery-icon landscape'>\n\t\t\t\t<a href='https:\/\/zeromski.czest.pl\/wp-content\/uploads\/2025\/11\/11-listopada2025-9-Copy.jpg' rel=\"lightbox[22072]\"><img loading=\"lazy\" decoding=\"async\" width=\"150\" height=\"150\" src=\"https:\/\/zeromski.czest.pl\/wp-content\/uploads\/2025\/11\/11-listopada2025-9-Copy-150x150.jpg\" class=\"attachment-thumbnail size-thumbnail\" alt=\"11 listopada 2025-zdj\u0119cie nr 13\" \/><\/a>\n\t\t\t<\/dt><\/dl><br style=\"clear: both\" \/><dl class='gallery-item'>\n\t\t\t<dt class='gallery-icon landscape'>\n\t\t\t\t<a href='https:\/\/zeromski.czest.pl\/wp-content\/uploads\/2025\/11\/11-listopada2025-8-Copy.jpg' rel=\"lightbox[22072]\"><img loading=\"lazy\" decoding=\"async\" width=\"150\" height=\"150\" src=\"https:\/\/zeromski.czest.pl\/wp-content\/uploads\/2025\/11\/11-listopada2025-8-Copy-150x150.jpg\" class=\"attachment-thumbnail size-thumbnail\" alt=\"11 listopada 2025-zdj\u0119cie nr 12\" \/><\/a>\n\t\t\t<\/dt><\/dl><dl class='gallery-item'>\n\t\t\t<dt class='gallery-icon landscape'>\n\t\t\t\t<a href='https:\/\/zeromski.czest.pl\/wp-content\/uploads\/2025\/11\/11-listopada2025-7-Copy.jpg' rel=\"lightbox[22072]\"><img loading=\"lazy\" decoding=\"async\" width=\"150\" height=\"150\" src=\"https:\/\/zeromski.czest.pl\/wp-content\/uploads\/2025\/11\/11-listopada2025-7-Copy-150x150.jpg\" class=\"attachment-thumbnail size-thumbnail\" alt=\"11 listopada 2025-zdj\u0119cie nr 14\" \/><\/a>\n\t\t\t<\/dt><\/dl><dl class='gallery-item'>\n\t\t\t<dt class='gallery-icon landscape'>\n\t\t\t\t<a href='https:\/\/zeromski.czest.pl\/wp-content\/uploads\/2025\/11\/11-listopada2025-6-Copy.jpg' rel=\"lightbox[22072]\"><img loading=\"lazy\" decoding=\"async\" width=\"150\" height=\"150\" src=\"https:\/\/zeromski.czest.pl\/wp-content\/uploads\/2025\/11\/11-listopada2025-6-Copy-150x150.jpg\" class=\"attachment-thumbnail size-thumbnail\" alt=\"11 listopada 2025-zdj\u0119cie nr 10\" \/><\/a>\n\t\t\t<\/dt><\/dl><br style=\"clear: both\" \/><dl class='gallery-item'>\n\t\t\t<dt class='gallery-icon portrait'>\n\t\t\t\t<a href='https:\/\/zeromski.czest.pl\/wp-content\/uploads\/2025\/11\/11-listopada2025-5-Copy.jpg' rel=\"lightbox[22072]\"><img loading=\"lazy\" decoding=\"async\" width=\"150\" height=\"150\" src=\"https:\/\/zeromski.czest.pl\/wp-content\/uploads\/2025\/11\/11-listopada2025-5-Copy-150x150.jpg\" class=\"attachment-thumbnail size-thumbnail\" alt=\"11 listopada 2025-zdj\u0119cie nr 9\" \/><\/a>\n\t\t\t<\/dt><\/dl><dl class='gallery-item'>\n\t\t\t<dt class='gallery-icon portrait'>\n\t\t\t\t<a href='https:\/\/zeromski.czest.pl\/wp-content\/uploads\/2025\/11\/11-listopada2025-4-Copy.jpg' rel=\"lightbox[22072]\"><img loading=\"lazy\" decoding=\"async\" width=\"150\" height=\"150\" src=\"https:\/\/zeromski.czest.pl\/wp-content\/uploads\/2025\/11\/11-listopada2025-4-Copy-150x150.jpg\" class=\"attachment-thumbnail size-thumbnail\" alt=\"11 listopada 2025-zdj\u0119cie nr 8\" \/><\/a>\n\t\t\t<\/dt><\/dl><dl class='gallery-item'>\n\t\t\t<dt class='gallery-icon landscape'>\n\t\t\t\t<a href='https:\/\/zeromski.czest.pl\/wp-content\/uploads\/2025\/11\/11-listopada2025-3-Copy.jpg' rel=\"lightbox[22072]\"><img loading=\"lazy\" decoding=\"async\" width=\"150\" height=\"150\" src=\"https:\/\/zeromski.czest.pl\/wp-content\/uploads\/2025\/11\/11-listopada2025-3-Copy-150x150.jpg\" class=\"attachment-thumbnail size-thumbnail\" alt=\"11 listopada 2025-zdj\u0119cie nr 7\" \/><\/a>\n\t\t\t<\/dt><\/dl><br style=\"clear: both\" \/>\n\t\t<\/div>\n\n","protected":false},"excerpt":{"rendered":"<p>Dnia 7 listopada 2025 roku, w naszej szkole odby\u0142a si\u0119 uroczysta akademia z okazji 107 rocznicy odzyskania przez Polsk\u0119 niepodleg\u0142o\u015bci. Celem wydarzenia by\u0142o uczczenie pami\u0119ci tych, kt\u00f3rzy walczyli o wolno\u015b\u0107 Ojczyzny, oraz przypomnienie drogi Polak\u00f3w do niepodleg\u0142o\u015bci po 123 latach &hellip; <a href=\"https:\/\/zeromski.czest.pl\/?p=22072\">Czytaj dalej <span class=\"meta-nav\">&rarr;<\/span><\/a><\/p>\n","protected":false},"author":1,"featured_media":0,"comment_status":"closed","ping_status":"closed","sticky":false,"template":"","format":"standard","meta":{"footnotes":"","_links_to":"","_links_to_target":""},"categories":[14],"tags":[],"class_list":["post-22072","post","type-post","status-publish","format-standard","hentry","category-aktualnosci"],"_links":{"self":[{"href":"https:\/\/zeromski.czest.pl\/index.php?rest_route=\/wp\/v2\/posts\/22072","targetHints":{"allow":["GET"]}}],"collection":[{"href":"https:\/\/zeromski.czest.pl\/index.php?rest_route=\/wp\/v2\/posts"}],"about":[{"href":"https:\/\/zeromski.czest.pl\/index.php?rest_route=\/wp\/v2\/types\/post"}],"author":[{"embeddable":true,"href":"https:\/\/zeromski.czest.pl\/index.php?rest_route=\/wp\/v2\/users\/1"}],"replies":[{"embeddable":true,"href":"https:\/\/zeromski.czest.pl\/index.php?rest_route=%2Fwp%2Fv2%2Fcomments&post=22072"}],"version-history":[{"count":3,"href":"https:\/\/zeromski.czest.pl\/index.php?rest_route=\/wp\/v2\/posts\/22072\/revisions"}],"predecessor-version":[{"id":22095,"href":"https:\/\/zeromski.czest.pl\/index.php?rest_route=\/wp\/v2\/posts\/22072\/revisions\/22095"}],"wp:attachment":[{"href":"https:\/\/zeromski.czest.pl\/index.php?rest_route=%2Fwp%2Fv2%2Fmedia&parent=22072"}],"wp:term":[{"taxonomy":"category","embeddable":true,"href":"https:\/\/zeromski.czest.pl\/index.php?rest_route=%2Fwp%2Fv2%2Fcategories&post=22072"},{"taxonomy":"post_tag","embeddable":true,"href":"https:\/\/zeromski.czest.pl\/index.php?rest_route=%2Fwp%2Fv2%2Ftags&post=22072"}],"curies":[{"name":"wp","href":"https:\/\/api.w.org\/{rel}","templated":true}]}}