{"id":22111,"date":"2025-11-17T08:34:55","date_gmt":"2025-11-17T08:34:55","guid":{"rendered":"https:\/\/zeromski.czest.pl\/?p=22111"},"modified":"2025-11-17T08:34:55","modified_gmt":"2025-11-17T08:34:55","slug":"wycieczka-do-krakowa","status":"publish","type":"post","link":"https:\/\/zeromski.czest.pl\/?p=22111","title":{"rendered":"Wycieczka do Krakowa"},"content":{"rendered":"<p><a href=\"https:\/\/zeromski.czest.pl\/wp-content\/uploads\/2025\/11\/wycieczkadoKrakowa2025-e1763368458596.jpg\" rel=\"lightbox[22111]\"><img loading=\"lazy\" decoding=\"async\" class=\"wp-image-22113 aligncenter\" src=\"https:\/\/zeromski.czest.pl\/wp-content\/uploads\/2025\/11\/wycieczkadoKrakowa2025-e1763368458596.jpg\" alt=\"wycieczkadoKrakowa2025-zdj\u0119cie nr 1\" width=\"364\" height=\"273\" \/><\/a>Krak\u00f3w, to miasto kr\u00f3l\u00f3w, historii, artyst\u00f3w i sztuki W dniach 4,5,6 listopada grupa m\u0142odzie\u017cy z ZSTiO w Cz\u0119stochowie uczestniczy\u0142a wraz z opiekunami w wycieczce edukacyjno-rekreacyjnej do tego pi\u0119knego i wyj\u0105tkowego miasta. Spotkanie z histori\u0105 rozpocz\u0119li\u015bmy od najwa\u017cniejszego miejsca- siedziby kr\u00f3l\u00f3w, czyli od Wawelu. Zwiedzili\u015bmy nie tylko miejsce \u017cycia i najwa\u017cniejszych politycznych decyzji w\u0142adc\u00f3w, ale tak\u017ce katedr\u0119 z Kaplic\u0105 Zygmuntowsk\u0105, podziemia, krypty grobowe kr\u00f3l\u00f3w i najwa\u017cniejszych osobisto\u015bci w historii Polski. <!--more-->Ka\u017cdy z nas dotkn\u0105\u0142 tak\u017ce serca dzwonu Zygmunta, kt\u00f3ry odzywa si\u0119 w najwa\u017cniejszych i najdonio\u015blniejszych chwilach naszego pa\u0144stwa. Odwiedzili\u015bmy tak\u017ce Galeri\u0119 Krzysztofory gdzie poznali\u015bmy histori\u0119 miasta Krakowa, jego osobliwo\u015bci, a tak\u017ce obejrzeli\u015bmy rze\u017aby profesora Bronis\u0142awa Chromego, kt\u00f3re urzek\u0142y nas swoj\u0105 prostot\u0105 i niezaprzeczalnym pi\u0119knem. W kolejny dzie\u0144 pobytu w Krakowie przenie\u015bli\u015bmy si\u0119 w ponure i dramatyczne czasy ll wojny \u015bwiatowej. Poznali\u015bmy Dzielnic\u0119 Kazimierz, byli\u015bmy na placu Bohater\u00f3w Getta i szli\u015bmy \u015bladami tych, kt\u00f3rzy zawinili tylko tym, \u017ce urodzili si\u0119 \u017bydami. Poznali\u015bmy histori\u0119 Oskara Schindlera, kt\u00f3ry przyczyni\u0142 si\u0119 do uratowania wielu tych w\u0142a\u015bnie ludzi, zatrudniaj\u0105c ich w Fabryce Emalia. Uczestniczyli\u015bmy tak\u017ce w spotkaniu-lekcji historii w znanej w ca\u0142ym Krakowie Aptece pod Or\u0142em, kt\u00f3rej w\u0142a\u015bciciel Tadeusz Pankiewicz z okien swojej apteki, znajduj\u0105cej si\u0119 w sercu krakowskiego getta, widzia\u0142 rozgrywaj\u0105c\u0105 si\u0119 tragedi\u0119. Zag\u0142ada \u017byd\u00f3w poch\u0142on\u0119\u0142a \u017cycie jego przyjaci\u00f3\u0142 i s\u0105siad\u00f3w. Spisuj\u0105c wiernie dzieje getta, uda\u0142o mu si\u0119 uratowa\u0107 ich przed zapomnieniem. Jego Apteka \u201ePod Or\u0142em\u201d by\u0142a jedyn\u0105, kt\u00f3ra funkcjonowa\u0142a w utworzonym w 1941 roku getcie, a Pankiewicz by\u0142 jedynym Polakiem z prawem sta\u0142ego przebywania w nim. W tym miejscu nie tylko sprzedawano leki \u2013 szybko zacz\u0119\u0142o ono pe\u0142ni\u0107 rol\u0119 azylu i punktu kontaktowego dwu \u015bwiat\u00f3w: zamkni\u0119tej w getcie spo\u0142eczno\u015bci \u017cydowskiej i ludzi poza jego murami, ciesz\u0105cych si\u0119 okupacyjn\u0105, ale jednak swobod\u0105. Tu mo\u017cna by\u0142o przeczyta\u0107 ostatnie wiadomo\u015bci z frontu, zapozna\u0107 si\u0119 z tre\u015bci\u0105 prasy podziemnej, a nawet znale\u017a\u0107 schronienie podczas nocnych aresztowa\u0144. Tu r\u00f3wnie\u017c zostawiano listy i paczki dla os\u00f3b mieszkaj\u0105cych po stronie aryjskiej, jak r\u00f3wnie\u017c odbierano od nich wiadomo\u015bci i przesy\u0142ki. Nieliczni mieszka\u0144cy getta, kt\u00f3rzy zdo\u0142ali prze\u017cy\u0107 opisywany przez aptekarza okrutny czas wojny, zachowali do dzi\u015b we wdzi\u0119cznej pami\u0119ci aptek\u0119 \u201ePod Or\u0142em\u201d i jej w\u0142a\u015bciciela.<\/p>\n<p>Mimo, i\u017c dzie\u0144 rozpocz\u0105\u0142 si\u0119 smutn\u0105 histori\u0105, jego popo\u0142udnie i wiecz\u00f3r by\u0142y radosne, cho\u0107 pe\u0142ne tajemnic. Ca\u0142a grupa uczestniczy\u0142a w rozwi\u0105zywaniu r\u00f3\u017cnorodnych zagadek w escape roomie. Jedni szukali Alicji w krainie czar\u00f3w, inni razem z Jamesem Bondem rozwi\u0105zywali zagadki Agenta 007, inni pr\u00f3bowali zapobiec katastrofie Tupolewa, jeszcze inna grupa przygotowuj\u0105c magiczny eliksir musia\u0142a czarami Harrego Pottera rozwi\u0105za\u0107 szereg zagadek i uwolni\u0107 cz\u0119\u015b\u0107 za\u0142ogi. Grupa ostatnia przenios\u0142a si\u0119 w czasy faraon\u00f3w i egipskich mumii.<\/p>\n<p>Na trzeci i ostatni dzie\u0144 zostawili\u015bmy sobie spotkanie z jedn\u0105 z tajemniczych kobiet w Muzeum Czartoryskich, z Dam\u0105 z \u0141asiczk\u0105. Opr\u00f3cz jej wizerunku obejrzeli\u015bmy kolekcj\u0119 obraz\u00f3w, dzie\u0142 zapocz\u0105tkowan\u0105 jeszcze w Pu\u0142awach przez Ksi\u0119\u017cn\u0105 Izabel\u0119 Czartorysk\u0105, a przeniesion\u0105 p\u00f3\u017aniej do Krakowa przez jej syna Ksi\u0119cia Adama Jerzego Czartoryskiego. Muzeum gromadzi dzie\u0142a malarstwa europejskiego od XIII do XVIII w., zabytki europejskiego i islamskiego rzemios\u0142a artystycznego od \u015bredniowiecza do XIX w., grafiki, rze\u017aby, sarkofagi, mumie i przedmioty sztuki staro\u017cytnej oraz militaria.<\/p>\n<p>Mimo, i\u017c w kalendarzu listopad, przez ca\u0142y czas trwania naszej wycieczki pogoda by\u0142a cudownie jesienna, na bezchmurnym niebie \u015bwieci\u0142o s\u0142o\u0144ce i by\u0142o ciep\u0142o. Wszyscy wr\u00f3cili szcz\u0119\u015bliwi i zadowoleni z postanowieniem powrotu do tego urokliwego miasta.<\/p>\n<p style=\"text-align: right;\">News przygotowa\u0142a mgr Ewa Rybak.<\/p>\n<p>&nbsp;<\/p>\n","protected":false},"excerpt":{"rendered":"<p>Krak\u00f3w, to miasto kr\u00f3l\u00f3w, historii, artyst\u00f3w i sztuki W dniach 4,5,6 listopada grupa m\u0142odzie\u017cy z ZSTiO w Cz\u0119stochowie uczestniczy\u0142a wraz z opiekunami w wycieczce edukacyjno-rekreacyjnej do tego pi\u0119knego i wyj\u0105tkowego miasta. Spotkanie z histori\u0105 rozpocz\u0119li\u015bmy od najwa\u017cniejszego miejsca- siedziby kr\u00f3l\u00f3w, &hellip; <a href=\"https:\/\/zeromski.czest.pl\/?p=22111\">Czytaj dalej <span class=\"meta-nav\">&rarr;<\/span><\/a><\/p>\n","protected":false},"author":1,"featured_media":0,"comment_status":"closed","ping_status":"closed","sticky":false,"template":"","format":"standard","meta":{"footnotes":"","_links_to":"","_links_to_target":""},"categories":[14],"tags":[],"class_list":["post-22111","post","type-post","status-publish","format-standard","hentry","category-aktualnosci"],"_links":{"self":[{"href":"https:\/\/zeromski.czest.pl\/index.php?rest_route=\/wp\/v2\/posts\/22111","targetHints":{"allow":["GET"]}}],"collection":[{"href":"https:\/\/zeromski.czest.pl\/index.php?rest_route=\/wp\/v2\/posts"}],"about":[{"href":"https:\/\/zeromski.czest.pl\/index.php?rest_route=\/wp\/v2\/types\/post"}],"author":[{"embeddable":true,"href":"https:\/\/zeromski.czest.pl\/index.php?rest_route=\/wp\/v2\/users\/1"}],"replies":[{"embeddable":true,"href":"https:\/\/zeromski.czest.pl\/index.php?rest_route=%2Fwp%2Fv2%2Fcomments&post=22111"}],"version-history":[{"count":2,"href":"https:\/\/zeromski.czest.pl\/index.php?rest_route=\/wp\/v2\/posts\/22111\/revisions"}],"predecessor-version":[{"id":22114,"href":"https:\/\/zeromski.czest.pl\/index.php?rest_route=\/wp\/v2\/posts\/22111\/revisions\/22114"}],"wp:attachment":[{"href":"https:\/\/zeromski.czest.pl\/index.php?rest_route=%2Fwp%2Fv2%2Fmedia&parent=22111"}],"wp:term":[{"taxonomy":"category","embeddable":true,"href":"https:\/\/zeromski.czest.pl\/index.php?rest_route=%2Fwp%2Fv2%2Fcategories&post=22111"},{"taxonomy":"post_tag","embeddable":true,"href":"https:\/\/zeromski.czest.pl\/index.php?rest_route=%2Fwp%2Fv2%2Ftags&post=22111"}],"curies":[{"name":"wp","href":"https:\/\/api.w.org\/{rel}","templated":true}]}}