{"id":22123,"date":"2025-11-19T11:08:11","date_gmt":"2025-11-19T11:08:11","guid":{"rendered":"https:\/\/zeromski.czest.pl\/?p=22123"},"modified":"2025-12-09T12:39:32","modified_gmt":"2025-12-09T12:39:32","slug":"wizyta-swietego-mikolaja-na-kresach-2","status":"publish","type":"post","link":"https:\/\/zeromski.czest.pl\/?p=22123","title":{"rendered":"Wizyta \u015awi\u0119tego Miko\u0142aja na Kresach"},"content":{"rendered":"<p><a href=\"https:\/\/zeromski.czest.pl\/wp-content\/uploads\/2025\/11\/8210-e1763550400771.jpg\" rel=\"lightbox[22123]\"><img loading=\"lazy\" decoding=\"async\" class=\"wp-image-22125 aligncenter\" src=\"https:\/\/zeromski.czest.pl\/wp-content\/uploads\/2025\/11\/8210-e1763550400771.jpg\" alt=\"Plakat akcji \u015awi\u0119ty Miko\u0142aj na Kresach 2025\" width=\"225\" height=\"345\" \/><\/a><\/p>\n<p>Ka\u017cdego roku dzi\u0119ki zaanga\u017cowaniu spo\u0142eczno\u015bci szkolnej Zespo\u0142u Szk\u00f3\u0142 Technicznych i Og\u00f3lnokszta\u0142c\u0105cych im. S. \u017beromskiego, realizujemy misj\u0119 wsparcia naszych rodak\u00f3w zamieszkuj\u0105cych na Kresach Wschodnich. \u00a0W tym roku do akcji w\u0142\u0105czy\u0142y si\u0119 klasy: I W, IF\/G, IIW, IIIW, IIIA, IIIH, IVD, IVF, IVK, VF\/H. Bardzo dzi\u0119kuj\u0119 wychowawcom tych klas oraz uczniom , kt\u00f3rzy zakupili produkty do paczek. \u00a0Nasza szko\u0142a bra\u0142a r\u00f3wnie\u017c udzia\u0142 w zbi\u00f3rce \u017cywno\u015bci w Biedronce ul. Gajcego. W zbi\u00f3rce \u017cywno\u015bci brali udzia\u0142 uczniowie klasy IVD: Oliwia, Julia, Dominika, Kaja, Aleksandra, Joanna, Nikola, Natan. \u00a0Wszystkim, kt\u00f3rzy w\u0142\u0105czyli si\u0119 do akcji bardzo dzi\u0119kuj\u0119:))<\/p>\n<p style=\"text-align: right;\">News przygotowa\u0142a mgr Sylwia Urbaniak<\/p>\n","protected":false},"excerpt":{"rendered":"<p>Ka\u017cdego roku dzi\u0119ki zaanga\u017cowaniu spo\u0142eczno\u015bci szkolnej Zespo\u0142u Szk\u00f3\u0142 Technicznych i Og\u00f3lnokszta\u0142c\u0105cych im. S. \u017beromskiego, realizujemy misj\u0119 wsparcia naszych rodak\u00f3w zamieszkuj\u0105cych na Kresach Wschodnich. \u00a0W tym roku do akcji w\u0142\u0105czy\u0142y si\u0119 klasy: I W, IF\/G, IIW, IIIW, IIIA, IIIH, IVD, IVF, &hellip; <a href=\"https:\/\/zeromski.czest.pl\/?p=22123\">Czytaj dalej <span class=\"meta-nav\">&rarr;<\/span><\/a><\/p>\n","protected":false},"author":1,"featured_media":0,"comment_status":"closed","ping_status":"closed","sticky":false,"template":"","format":"standard","meta":{"footnotes":"","_links_to":"","_links_to_target":""},"categories":[14],"tags":[],"class_list":["post-22123","post","type-post","status-publish","format-standard","hentry","category-aktualnosci"],"_links":{"self":[{"href":"https:\/\/zeromski.czest.pl\/index.php?rest_route=\/wp\/v2\/posts\/22123","targetHints":{"allow":["GET"]}}],"collection":[{"href":"https:\/\/zeromski.czest.pl\/index.php?rest_route=\/wp\/v2\/posts"}],"about":[{"href":"https:\/\/zeromski.czest.pl\/index.php?rest_route=\/wp\/v2\/types\/post"}],"author":[{"embeddable":true,"href":"https:\/\/zeromski.czest.pl\/index.php?rest_route=\/wp\/v2\/users\/1"}],"replies":[{"embeddable":true,"href":"https:\/\/zeromski.czest.pl\/index.php?rest_route=%2Fwp%2Fv2%2Fcomments&post=22123"}],"version-history":[{"count":4,"href":"https:\/\/zeromski.czest.pl\/index.php?rest_route=\/wp\/v2\/posts\/22123\/revisions"}],"predecessor-version":[{"id":22214,"href":"https:\/\/zeromski.czest.pl\/index.php?rest_route=\/wp\/v2\/posts\/22123\/revisions\/22214"}],"wp:attachment":[{"href":"https:\/\/zeromski.czest.pl\/index.php?rest_route=%2Fwp%2Fv2%2Fmedia&parent=22123"}],"wp:term":[{"taxonomy":"category","embeddable":true,"href":"https:\/\/zeromski.czest.pl\/index.php?rest_route=%2Fwp%2Fv2%2Fcategories&post=22123"},{"taxonomy":"post_tag","embeddable":true,"href":"https:\/\/zeromski.czest.pl\/index.php?rest_route=%2Fwp%2Fv2%2Ftags&post=22123"}],"curies":[{"name":"wp","href":"https:\/\/api.w.org\/{rel}","templated":true}]}}