{"id":22420,"date":"2026-01-20T10:35:33","date_gmt":"2026-01-20T10:35:33","guid":{"rendered":"https:\/\/zeromski.czest.pl\/?p=22420"},"modified":"2026-01-20T10:35:33","modified_gmt":"2026-01-20T10:35:33","slug":"ii-miejsce-w-xi-powiatowym-konkursie-wiedzy-o-najnowszej-historii-polski","status":"publish","type":"post","link":"https:\/\/zeromski.czest.pl\/?p=22420","title":{"rendered":"II miejsce w XI. Powiatowym Konkursie Wiedzy o Najnowszej Historii Polski"},"content":{"rendered":"<p><img loading=\"lazy\" decoding=\"async\" class=\"wp-image-22422 aligncenter\" src=\"https:\/\/zeromski.czest.pl\/wp-content\/uploads\/2026\/01\/Konkurshistoryczny2026.jpg\" alt=\"Konkurs historyczny 2026-zdj\u0119cie nr 1\" width=\"239\" height=\"318\" srcset=\"https:\/\/zeromski.czest.pl\/wp-content\/uploads\/2026\/01\/Konkurshistoryczny2026.jpg 437w, https:\/\/zeromski.czest.pl\/wp-content\/uploads\/2026\/01\/Konkurshistoryczny2026-225x300.jpg 225w\" sizes=\"auto, (max-width: 239px) 100vw, 239px\" \/><\/p>\n<p>II miejsce w XI. Powiatowym Konkursie Wiedzy o Najnowszej Historii Polski. Od narodzin ,,Solidarno\u015bci\u201d do wsp\u00f3\u0142czesno\u015bci. Polska w latach 1980-2025<\/p>\n<p>Wiktor -ucze\u0144 klasy V G\/P\u00a0 otrzyma\u0142 nagrod\u0119 za II miejsce w XI. Powiatowym Konkursie Wiedzy o Najnowszej Historii Polski Od narodzin ,,Solidarno\u015bci\u201d do wsp\u00f3\u0142czesno\u015bci. Polska w latach 1980-2025 w kategorii szk\u00f3\u0142 ponadpodstawowych.<\/p>\n<p style=\"text-align: right;\">Gratulujemy sukcesu!<!--more--><\/p>\n<p style=\"text-align: left;\">Celem konkursu by\u0142o przypomnienie wydarze\u0144 z\u00a0najnowszej historii Polski, kt\u00f3re doprowadzi\u0142y do upadku komunizmu i\u00a0powstania suwerennego pa\u0144stwa polskiego, upami\u0119tnienie sylwetek wybitnych dzia\u0142aczy opozycyjnych oraz\u00a0kszta\u0142towanie w\u015br\u00f3d m\u0142odzie\u017cy pozytywnych postaw wobec przesz\u0142o\u015bci.<\/p>\n<p>Wi\u0119cej informacji <a href=\"https:\/\/solidarnoscczestochowa.pl\/index.php\/informacje-przeglad\/3323-od-narodzin-solidarnosci-do-wspolczesnosci-7\">https:\/\/solidarnoscczestochowa.pl\/index.php\/informacje-przeglad\/3323-od-narodzin-solidarnosci-do-wspolczesnosci-7<\/a><\/p>\n<p style=\"text-align: right;\">Przygotowa\u0142a mgr Ma\u0142gorzata Musia\u0142ek<\/p>\n","protected":false},"excerpt":{"rendered":"<p>II miejsce w XI. Powiatowym Konkursie Wiedzy o Najnowszej Historii Polski. Od narodzin ,,Solidarno\u015bci\u201d do wsp\u00f3\u0142czesno\u015bci. Polska w latach 1980-2025 Wiktor -ucze\u0144 klasy V G\/P\u00a0 otrzyma\u0142 nagrod\u0119 za II miejsce w XI. Powiatowym Konkursie Wiedzy o Najnowszej Historii Polski Od &hellip; <a href=\"https:\/\/zeromski.czest.pl\/?p=22420\">Czytaj dalej <span class=\"meta-nav\">&rarr;<\/span><\/a><\/p>\n","protected":false},"author":1,"featured_media":0,"comment_status":"closed","ping_status":"closed","sticky":false,"template":"","format":"standard","meta":{"footnotes":"","_links_to":"","_links_to_target":""},"categories":[14],"tags":[],"class_list":["post-22420","post","type-post","status-publish","format-standard","hentry","category-aktualnosci"],"_links":{"self":[{"href":"https:\/\/zeromski.czest.pl\/index.php?rest_route=\/wp\/v2\/posts\/22420","targetHints":{"allow":["GET"]}}],"collection":[{"href":"https:\/\/zeromski.czest.pl\/index.php?rest_route=\/wp\/v2\/posts"}],"about":[{"href":"https:\/\/zeromski.czest.pl\/index.php?rest_route=\/wp\/v2\/types\/post"}],"author":[{"embeddable":true,"href":"https:\/\/zeromski.czest.pl\/index.php?rest_route=\/wp\/v2\/users\/1"}],"replies":[{"embeddable":true,"href":"https:\/\/zeromski.czest.pl\/index.php?rest_route=%2Fwp%2Fv2%2Fcomments&post=22420"}],"version-history":[{"count":3,"href":"https:\/\/zeromski.czest.pl\/index.php?rest_route=\/wp\/v2\/posts\/22420\/revisions"}],"predecessor-version":[{"id":22426,"href":"https:\/\/zeromski.czest.pl\/index.php?rest_route=\/wp\/v2\/posts\/22420\/revisions\/22426"}],"wp:attachment":[{"href":"https:\/\/zeromski.czest.pl\/index.php?rest_route=%2Fwp%2Fv2%2Fmedia&parent=22420"}],"wp:term":[{"taxonomy":"category","embeddable":true,"href":"https:\/\/zeromski.czest.pl\/index.php?rest_route=%2Fwp%2Fv2%2Fcategories&post=22420"},{"taxonomy":"post_tag","embeddable":true,"href":"https:\/\/zeromski.czest.pl\/index.php?rest_route=%2Fwp%2Fv2%2Ftags&post=22420"}],"curies":[{"name":"wp","href":"https:\/\/api.w.org\/{rel}","templated":true}]}}