{"id":22467,"date":"2026-01-29T09:12:50","date_gmt":"2026-01-29T09:12:50","guid":{"rendered":"https:\/\/zeromski.czest.pl\/?p=22467"},"modified":"2026-01-29T09:12:50","modified_gmt":"2026-01-29T09:12:50","slug":"uwaga-absolwenci-matura-2026","status":"publish","type":"post","link":"https:\/\/zeromski.czest.pl\/?p=22467","title":{"rendered":"Uwaga absolwenci MATURA 2026"},"content":{"rendered":"<p>Przypominamy, i\u017c 09 lutego 2026 up\u0142ywa termin z\u0142o\u017cenia deklaracji maturalnej. Po tym terminie nie b\u0119dzie mo\u017cliwo\u015bci z\u0142o\u017cenia oraz nanoszenia na deklaracje jakichkolwiek zmian.<\/p>\n<p>Osoba, kt\u00f3ra w latach 2020\u20132022 nie zda\u0142a egzaminu z przedmiotu lub przedmiot\u00f3w obowi\u0105zkowych w cz\u0119\u015bci pisemnej, przyst\u0119puj\u0105c do egzaminu maturalnego w 2026 r., ma r\u00f3wnie\u017c obowi\u0105zek przyst\u0105pi\u0107 do egzaminu maturalnego w cz\u0119\u015bci ustnej, je\u017celi nie przyst\u0105pi\u0142a do tego egzaminu w latach 2023\u20132025 lub przyst\u0105pi\u0142a do tego egzaminu w latach 2023\u20132025, ale nie zda\u0142a tego egzaminu. W 2026 r. cz\u0119\u015b\u0107 ustna jest obowi\u0105zkowa dla wszystkich zdaj\u0105cych.<\/p>\n","protected":false},"excerpt":{"rendered":"<p>Przypominamy, i\u017c 09 lutego 2026 up\u0142ywa termin z\u0142o\u017cenia deklaracji maturalnej. Po tym terminie nie b\u0119dzie mo\u017cliwo\u015bci z\u0142o\u017cenia oraz nanoszenia na deklaracje jakichkolwiek zmian. Osoba, kt\u00f3ra w latach 2020\u20132022 nie zda\u0142a egzaminu z przedmiotu lub przedmiot\u00f3w obowi\u0105zkowych w cz\u0119\u015bci pisemnej, przyst\u0119puj\u0105c &hellip; <a href=\"https:\/\/zeromski.czest.pl\/?p=22467\">Czytaj dalej <span class=\"meta-nav\">&rarr;<\/span><\/a><\/p>\n","protected":false},"author":1,"featured_media":0,"comment_status":"closed","ping_status":"closed","sticky":false,"template":"","format":"standard","meta":{"footnotes":"","_links_to":"","_links_to_target":""},"categories":[14],"tags":[],"class_list":["post-22467","post","type-post","status-publish","format-standard","hentry","category-aktualnosci"],"_links":{"self":[{"href":"https:\/\/zeromski.czest.pl\/index.php?rest_route=\/wp\/v2\/posts\/22467","targetHints":{"allow":["GET"]}}],"collection":[{"href":"https:\/\/zeromski.czest.pl\/index.php?rest_route=\/wp\/v2\/posts"}],"about":[{"href":"https:\/\/zeromski.czest.pl\/index.php?rest_route=\/wp\/v2\/types\/post"}],"author":[{"embeddable":true,"href":"https:\/\/zeromski.czest.pl\/index.php?rest_route=\/wp\/v2\/users\/1"}],"replies":[{"embeddable":true,"href":"https:\/\/zeromski.czest.pl\/index.php?rest_route=%2Fwp%2Fv2%2Fcomments&post=22467"}],"version-history":[{"count":1,"href":"https:\/\/zeromski.czest.pl\/index.php?rest_route=\/wp\/v2\/posts\/22467\/revisions"}],"predecessor-version":[{"id":22468,"href":"https:\/\/zeromski.czest.pl\/index.php?rest_route=\/wp\/v2\/posts\/22467\/revisions\/22468"}],"wp:attachment":[{"href":"https:\/\/zeromski.czest.pl\/index.php?rest_route=%2Fwp%2Fv2%2Fmedia&parent=22467"}],"wp:term":[{"taxonomy":"category","embeddable":true,"href":"https:\/\/zeromski.czest.pl\/index.php?rest_route=%2Fwp%2Fv2%2Fcategories&post=22467"},{"taxonomy":"post_tag","embeddable":true,"href":"https:\/\/zeromski.czest.pl\/index.php?rest_route=%2Fwp%2Fv2%2Ftags&post=22467"}],"curies":[{"name":"wp","href":"https:\/\/api.w.org\/{rel}","templated":true}]}}